{"id":9119,"date":"2026-04-27T11:26:24","date_gmt":"2026-04-27T09:26:24","guid":{"rendered":"https:\/\/observatoire-hexagone.org\/?p=9119"},"modified":"2026-04-27T11:27:10","modified_gmt":"2026-04-27T09:27:10","slug":"sur-le-service-public-la-droite-tres-minoritaire-dans-les-emissions-de-debat","status":"publish","type":"post","link":"https:\/\/observatoire-hexagone.org\/index.php\/2026\/04\/27\/sur-le-service-public-la-droite-tres-minoritaire-dans-les-emissions-de-debat\/","title":{"rendered":"Sur le service public, la droite tr\u00e8s minoritaire dans les \u00e9missions de d\u00e9bat\u00a0"},"content":{"rendered":"\n<p>A un an de l\u2019\u00e9lection pr\u00e9sidentielle, et dans l\u2019attente de la publication du rapport de la commission d\u2019enqu\u00eate sur l\u2019audiovisuel public, notre analyse Hexagone montre deux biais diff\u00e9rents mais compl\u00e9mentaires au sein de France T\u00e9l\u00e9visions : d\u2019un c\u00f4t\u00e9, un conformisme \u00ab\u202fcentriste\u202f\u00bb dans les \u00e9missions centr\u00e9es sur l\u2019expertise, de l\u2019autre, une nette surrepr\u00e9sentation de la gauche dans les \u00e9missions de d\u00e9bat d\u2019actualit\u00e9. Dans les deux cas, le r\u00e9sultat est le m\u00eame : les \u00e9quilibres id\u00e9ologiques des plateaux ne correspondent pas \u00e0 ceux observ\u00e9s au sein de la population. Or, \u00e0 l\u2019approche d\u2019une \u00e9lection importante pour l\u2019avenir du pays, le service public devrait \u00eatre exemplaire en mati\u00e8re de pluralisme.&nbsp;<\/p>\n\n\n\n<p><em>M\u00e9thodologie\u202f: Hexagone a list\u00e9 l\u2019ensemble des invit\u00e9s, politiques ou non, de quatre grandes \u00e9missions de d\u00e9bats et d\u2019actualit\u00e9 sur le service public t\u00e9l\u00e9visuel (C Ce Soir, C dans l\u2019Air, C \u00e0 vous, C Politique) sur la p\u00e9riode du 20 mars au 20 avril 2026, puis les a class\u00e9s par grand courant id\u00e9ologique (gauche, centre, droite) selon leurs prises de parole pass\u00e9es ou lors de l\u2019\u00e9mission. Ces calculs ne tiennent pas compte des \u00e9tiquetages de l\u2019Arcom.<\/em>&nbsp;<\/p>\n\n\n\n<figure class=\"wp-block-image size-large\"><img fetchpriority=\"high\" decoding=\"async\" width=\"821\" height=\"1024\" src=\"https:\/\/observatoire-hexagone.org\/wp-content\/uploads\/2026\/04\/Capture-decran-2026-04-27-a-10.16.14-821x1024.png\" alt=\"\" class=\"wp-image-9121\" srcset=\"https:\/\/observatoire-hexagone.org\/wp-content\/uploads\/2026\/04\/Capture-decran-2026-04-27-a-10.16.14-821x1024.png 821w, https:\/\/observatoire-hexagone.org\/wp-content\/uploads\/2026\/04\/Capture-decran-2026-04-27-a-10.16.14-240x300.png 240w, https:\/\/observatoire-hexagone.org\/wp-content\/uploads\/2026\/04\/Capture-decran-2026-04-27-a-10.16.14-768x958.png 768w, https:\/\/observatoire-hexagone.org\/wp-content\/uploads\/2026\/04\/Capture-decran-2026-04-27-a-10.16.14.png 1130w\" sizes=\"(max-width: 821px) 100vw, 821px\" \/><\/figure>\n\n\n\n<p>Notre analyse Hexagone met en \u00e9vidence non pas un simple hasard des invitations pour ces quatre grandes \u00e9missions, mais des biais \u00e9ditoriaux marqu\u00e9s, diff\u00e9rents selon les \u00e9missions. Sur l\u2019ensemble des 4 programmes \u00e9tudi\u00e9s du 20 mars au 20 avril 2026, parmi les invit\u00e9s id\u00e9ologiquement identifi\u00e9s, \u00e0 savoir 202 personnalit\u00e9s, on obtient ainsi environ 37 % d\u2019invit\u00e9s pouvant \u00eatre class\u00e9s \u00e0 gauche, 32 % au centre et seulement 15 % \u00e0 droite. Autrement dit, la droite est tr\u00e8s minoritaire dans ces plateaux, alors qu\u2019elle repr\u00e9sente une part bien plus importante de l\u2019\u00e9lectorat fran\u00e7ais dans les scrutins r\u00e9cents et des sondages actuels. Lors de l\u2019\u00e9lection pr\u00e9sidentielle de 2022, au premier tour, les candidats \u00e0 la droite d\u2019Emmanuel Macron repr\u00e9sentait 40% des suffrages, aujourd\u2019hui les derni\u00e8res intentions de vote donnaient plus de 45 % aux candidats de la droite. Une situation politique loin de justifier qu\u2019une petite minorit\u00e9 seulement de la parole publique soit accord\u00e9e aux id\u00e9es de droite.\u00a0<\/p>\n\n\n\n<p>Sur une vingtaine d\u2019\u00e9missions, principalement consacr\u00e9e aux conflits au Moyen-Orient, C dans l\u2019Air illustre surtout la diffusion d\u2019une vision conformiste, plut\u00f4t class\u00e9e au centre et critique de la politique \u00e9trang\u00e8re am\u00e9ricaine. L\u2019\u00e9mission aligne 23 invit\u00e9s class\u00e9s au centre, contre 10 \u00e0 gauche et seulement 7 \u00e0 droite, sur la base de profils partag\u00e9s entre les journalistes, donc rattach\u00e9s \u00e0 une r\u00e9daction identifi\u00e9e, et des experts. Le d\u00e9s\u00e9quilibre n\u2019est donc pas ici une domination de la gauche, mais une domination d\u2019un discours plus technocratique et institutionnel, celui qui correspond souvent \u00e0 la parole l\u00e9gitime des experts et observateurs install\u00e9s. Cela produit une forme de pluralisme restreint o\u00f9 l\u2019impression du d\u00e9bat cache un espace id\u00e9ologique \u00e9troit, o\u00f9 les oppositions les plus nettes au logiciel dominant sont marginalis\u00e9es.&nbsp;<\/p>\n\n\n\n<p>On retrouve une surrepr\u00e9sentation du centre \u00e9galement dans l\u2019\u00e9mission C \u00e0 vous qui a un statut un peu sp\u00e9cifique o\u00f9 les sujets et les invit\u00e9s politiques sont m\u00e9lang\u00e9s avec des phases de divertissement. Sur 22 invit\u00e9s au cours du mois d\u2019avril, 13 sont issus du centre, contre seulement 6 de droite et 3 de gauche. Le probl\u00e8me de consensus centriste est donc le m\u00eame, l\u00e0 encore port\u00e9 par des experts alors que les invit\u00e9s de droite sont quasiment uniquement des personnalit\u00e9s politiques, cr\u00e9ant un d\u00e9s\u00e9quilibre de la l\u00e9gitimit\u00e9 de la parole de droite dans un contexte de d\u00e9fiance g\u00e9n\u00e9rale vis-\u00e0-vis de la politique.&nbsp;<\/p>\n\n\n\n<p>L\u2019\u00e9mission de d\u00e9bat C Politique est un cas interm\u00e9diaire, elle offre des sujets plus diversifi\u00e9s et des invit\u00e9s souvent issus du monde universitaire, plus d\u00e9tach\u00e9s des prises de position politique. Mais l\u00e0 encore la droite appara\u00eet tr\u00e8s largement sous-repr\u00e9sent\u00e9e, voire inexistante : en un mois d\u2019\u00e9missions, sur 48 invit\u00e9s, seulement 2 pouvaient \u00eatre class\u00e9s \u00e0 droite, contre 18 invit\u00e9s de gauche, 10 au centre et 18 inconnus. Ainsi, m\u00eame en tenant compte des invit\u00e9s non class\u00e9s, le d\u00e9s\u00e9quilibre est frappant.&nbsp;<\/p>\n\n\n\n<p>A l\u2019inverse C Ce Soir, qui offre \u00e9galement un regard d\u2019actualit\u00e9 sur les d\u00e9bats m\u00e9diatiques, repr\u00e9sente un peu mieux les id\u00e9es de droite que C Politique, tout en surrepr\u00e9sentant tr\u00e8s nettement celles de la gauche \u00e9galement : 43 invit\u00e9s de gauche, contre 17 au centre et 15 \u00e0 droite. Nous l\u2019avons d\u00e9j\u00e0 dit, les \u00e9quilibres politiques devraient amen\u00e9s ce type d\u2019\u00e9missions \u00e0 un \u00e9quilibre en faveur de la droite dans le regard port\u00e9 sur les sujets d\u2019actualit\u00e9, or les plateaux de C Ce Soir ont plut\u00f4t tendance \u00e0 offrir un espace dominant pour la gauche progressiste, face \u00e0 laquelle la droite ne peut qu\u2019adopter une attitude d\u00e9fensive.\u00a0<\/p>\n\n\n\n<p>Le probl\u00e8me de fond est simple : le service public n\u2019a pas pour mission de reproduire m\u00e9caniquement les r\u00e9sultats d\u2019une \u00e9lection, mais il ne peut pas non plus organiser durablement des plateaux qui s\u2019\u00e9loignent \u00e0 ce point de la France r\u00e9elle. Quand, scrutin apr\u00e8s scrutin, les sensibilit\u00e9s de droite, en particulier celles de la droite nationale, ainsi qu\u2019une partie importante de l\u2019\u00e9lectorat populaire, p\u00e8sent lourd dans les urnes, mais demeurent faiblement repr\u00e9sent\u00e9es \u00e0 l\u2019antenne, il y a un probl\u00e8me d\u00e9mocratique. Les citoyens ne re\u00e7oivent plus une information politiquement \u00e9quilibr\u00e9e mais des analyses filtr\u00e9es par les pr\u00e9f\u00e9rences du milieu m\u00e9diatique et universitaire des personnes invit\u00e9es pour analyser les \u00e9v\u00e9nements.&nbsp;<\/p>\n\n\n\n<p>\u00c0 un an de l\u2019\u00e9lection pr\u00e9sidentielle de 2027, cette question devient encore plus sensible. Le pluralisme n\u2019est pas une question secondaire de casting, il conditionne la qualit\u00e9 du d\u00e9bat public. Si certaines \u00e9missions enferment le d\u00e9bat dans un \u00ab\u202fcentre\u202f\u00bb certes acceptable mais minoritaire, et si d\u2019autres surrepr\u00e9sentent la gauche et ses strat\u00e9gies politiques, alors une part importante des Fran\u00e7ais ne voit ni ses pr\u00e9occupations, ni ses analyses, diffus\u00e9es largement. Le risque est alors tr\u00e8s important d\u2019accentuer la d\u00e9fiance envers le service public audiovisuel et de mettre en danger nos institutions d\u00e9mocratiques.&nbsp;<\/p>\n\n\n\n<p><\/p>\n","protected":false},"excerpt":{"rendered":"<p>A un an de l\u2019\u00e9lection pr\u00e9sidentielle, et dans l\u2019attente de la publication du rapport de la commission d\u2019enqu\u00eate sur l\u2019audiovisuel public, notre analyse Hexagone montre deux biais diff\u00e9rents mais compl\u00e9mentaires au sein de France T\u00e9l\u00e9visions : d\u2019un c\u00f4t\u00e9, un conformisme \u00ab\u202fcentriste\u202f\u00bb dans les \u00e9missions centr\u00e9es sur l\u2019expertise, de l\u2019autre, une nette surrepr\u00e9sentation de la gauche [&hellip;]<\/p>\n","protected":false},"author":2,"featured_media":9122,"comment_status":"open","ping_status":"open","sticky":false,"template":"","format":"standard","meta":{"footnotes":""},"categories":[7],"tags":[50],"class_list":["post-9119","post","type-post","status-publish","format-standard","has-post-thumbnail","hentry","category-societe-et-environnement","tag-une"],"yoast_head":"<!-- This site is optimized with the Yoast SEO plugin v27.3 - https:\/\/yoast.com\/product\/yoast-seo-wordpress\/ -->\n<title>Sur le service public, la droite tr\u00e8s minoritaire dans les \u00e9missions de d\u00e9bat\u00a0 - Hexagone | La France en chiffres<\/title>\n<meta name=\"description\" content=\"A un an de l\u2019\u00e9lection pr\u00e9sidentielle, et dans l\u2019attente de la publication du rapport de la commission d\u2019enqu\u00eate sur l\u2019audiovisuel public, notre analyse\" \/>\n<meta name=\"robots\" content=\"index, follow, max-snippet:-1, max-image-preview:large, max-video-preview:-1\" \/>\n<link rel=\"canonical\" href=\"https:\/\/observatoire-hexagone.org\/index.php\/2026\/04\/27\/sur-le-service-public-la-droite-tres-minoritaire-dans-les-emissions-de-debat\/\" \/>\n<meta property=\"og:locale\" content=\"fr_FR\" \/>\n<meta property=\"og:type\" content=\"article\" \/>\n<meta property=\"og:title\" content=\"Sur le service public, la droite tr\u00e8s minoritaire dans les \u00e9missions de d\u00e9bat\u00a0 - Hexagone | La France en chiffres\" \/>\n<meta property=\"og:description\" content=\"A un an de l\u2019\u00e9lection pr\u00e9sidentielle, et dans l\u2019attente de la publication du rapport de la commission d\u2019enqu\u00eate sur l\u2019audiovisuel public, notre analyse\" \/>\n<meta property=\"og:url\" content=\"https:\/\/observatoire-hexagone.org\/index.php\/2026\/04\/27\/sur-le-service-public-la-droite-tres-minoritaire-dans-les-emissions-de-debat\/\" \/>\n<meta property=\"og:site_name\" content=\"Hexagone | La France en chiffres\" \/>\n<meta property=\"article:publisher\" content=\"https:\/\/www.facebook.com\/profile.php?id=61562511315709\" \/>\n<meta property=\"article:published_time\" content=\"2026-04-27T09:26:24+00:00\" \/>\n<meta property=\"article:modified_time\" content=\"2026-04-27T09:27:10+00:00\" \/>\n<meta property=\"og:image\" content=\"https:\/\/observatoire-hexagone.org\/wp-content\/uploads\/2026\/04\/18502066641_c2c17f7d60_b.jpg\" \/>\n\t<meta property=\"og:image:width\" content=\"1024\" \/>\n\t<meta property=\"og:image:height\" content=\"683\" \/>\n\t<meta property=\"og:image:type\" content=\"image\/jpeg\" \/>\n<meta name=\"author\" content=\"2024_Hexagone\" \/>\n<meta name=\"twitter:card\" content=\"summary_large_image\" \/>\n<meta name=\"twitter:creator\" content=\"@Hexagone_org\" \/>\n<meta name=\"twitter:site\" content=\"@Hexagone_org\" \/>\n<meta name=\"twitter:label1\" content=\"\u00c9crit par\" \/>\n\t<meta name=\"twitter:data1\" content=\"2024_Hexagone\" \/>\n\t<meta name=\"twitter:label2\" content=\"Dur\u00e9e de lecture estim\u00e9e\" \/>\n\t<meta name=\"twitter:data2\" content=\"6 minutes\" \/>\n<script type=\"application\/ld+json\" class=\"yoast-schema-graph\">{\"@context\":\"https:\\\/\\\/schema.org\",\"@graph\":[{\"@type\":\"Article\",\"@id\":\"https:\\\/\\\/observatoire-hexagone.org\\\/index.php\\\/2026\\\/04\\\/27\\\/sur-le-service-public-la-droite-tres-minoritaire-dans-les-emissions-de-debat\\\/#article\",\"isPartOf\":{\"@id\":\"https:\\\/\\\/observatoire-hexagone.org\\\/index.php\\\/2026\\\/04\\\/27\\\/sur-le-service-public-la-droite-tres-minoritaire-dans-les-emissions-de-debat\\\/\"},\"author\":{\"name\":\"2024_Hexagone\",\"@id\":\"https:\\\/\\\/observatoire-hexagone.org\\\/#\\\/schema\\\/person\\\/fe83906cc630daa0c6f5a055ad397275\"},\"headline\":\"Sur le service public, la droite tr\u00e8s minoritaire dans les \u00e9missions de d\u00e9bat\u00a0\",\"datePublished\":\"2026-04-27T09:26:24+00:00\",\"dateModified\":\"2026-04-27T09:27:10+00:00\",\"mainEntityOfPage\":{\"@id\":\"https:\\\/\\\/observatoire-hexagone.org\\\/index.php\\\/2026\\\/04\\\/27\\\/sur-le-service-public-la-droite-tres-minoritaire-dans-les-emissions-de-debat\\\/\"},\"wordCount\":1103,\"commentCount\":0,\"publisher\":{\"@id\":\"https:\\\/\\\/observatoire-hexagone.org\\\/#organization\"},\"image\":{\"@id\":\"https:\\\/\\\/observatoire-hexagone.org\\\/index.php\\\/2026\\\/04\\\/27\\\/sur-le-service-public-la-droite-tres-minoritaire-dans-les-emissions-de-debat\\\/#primaryimage\"},\"thumbnailUrl\":\"https:\\\/\\\/observatoire-hexagone.org\\\/wp-content\\\/uploads\\\/2026\\\/04\\\/18502066641_c2c17f7d60_b.jpg\",\"keywords\":[\"#une\"],\"articleSection\":[\"Soci\u00e9t\u00e9 et environnement\"],\"inLanguage\":\"fr-FR\",\"potentialAction\":[{\"@type\":\"CommentAction\",\"name\":\"Comment\",\"target\":[\"https:\\\/\\\/observatoire-hexagone.org\\\/index.php\\\/2026\\\/04\\\/27\\\/sur-le-service-public-la-droite-tres-minoritaire-dans-les-emissions-de-debat\\\/#respond\"]}]},{\"@type\":\"WebPage\",\"@id\":\"https:\\\/\\\/observatoire-hexagone.org\\\/index.php\\\/2026\\\/04\\\/27\\\/sur-le-service-public-la-droite-tres-minoritaire-dans-les-emissions-de-debat\\\/\",\"url\":\"https:\\\/\\\/observatoire-hexagone.org\\\/index.php\\\/2026\\\/04\\\/27\\\/sur-le-service-public-la-droite-tres-minoritaire-dans-les-emissions-de-debat\\\/\",\"name\":\"Sur le service public, la droite tr\u00e8s minoritaire dans les \u00e9missions de d\u00e9bat\u00a0 - Hexagone | La France en chiffres\",\"isPartOf\":{\"@id\":\"https:\\\/\\\/observatoire-hexagone.org\\\/#website\"},\"primaryImageOfPage\":{\"@id\":\"https:\\\/\\\/observatoire-hexagone.org\\\/index.php\\\/2026\\\/04\\\/27\\\/sur-le-service-public-la-droite-tres-minoritaire-dans-les-emissions-de-debat\\\/#primaryimage\"},\"image\":{\"@id\":\"https:\\\/\\\/observatoire-hexagone.org\\\/index.php\\\/2026\\\/04\\\/27\\\/sur-le-service-public-la-droite-tres-minoritaire-dans-les-emissions-de-debat\\\/#primaryimage\"},\"thumbnailUrl\":\"https:\\\/\\\/observatoire-hexagone.org\\\/wp-content\\\/uploads\\\/2026\\\/04\\\/18502066641_c2c17f7d60_b.jpg\",\"datePublished\":\"2026-04-27T09:26:24+00:00\",\"dateModified\":\"2026-04-27T09:27:10+00:00\",\"description\":\"A un an de l\u2019\u00e9lection pr\u00e9sidentielle, et dans l\u2019attente de la publication du rapport de la commission d\u2019enqu\u00eate sur l\u2019audiovisuel public, notre analyse\",\"breadcrumb\":{\"@id\":\"https:\\\/\\\/observatoire-hexagone.org\\\/index.php\\\/2026\\\/04\\\/27\\\/sur-le-service-public-la-droite-tres-minoritaire-dans-les-emissions-de-debat\\\/#breadcrumb\"},\"inLanguage\":\"fr-FR\",\"potentialAction\":[{\"@type\":\"ReadAction\",\"target\":[\"https:\\\/\\\/observatoire-hexagone.org\\\/index.php\\\/2026\\\/04\\\/27\\\/sur-le-service-public-la-droite-tres-minoritaire-dans-les-emissions-de-debat\\\/\"]}]},{\"@type\":\"ImageObject\",\"inLanguage\":\"fr-FR\",\"@id\":\"https:\\\/\\\/observatoire-hexagone.org\\\/index.php\\\/2026\\\/04\\\/27\\\/sur-le-service-public-la-droite-tres-minoritaire-dans-les-emissions-de-debat\\\/#primaryimage\",\"url\":\"https:\\\/\\\/observatoire-hexagone.org\\\/wp-content\\\/uploads\\\/2026\\\/04\\\/18502066641_c2c17f7d60_b.jpg\",\"contentUrl\":\"https:\\\/\\\/observatoire-hexagone.org\\\/wp-content\\\/uploads\\\/2026\\\/04\\\/18502066641_c2c17f7d60_b.jpg\",\"width\":1024,\"height\":683},{\"@type\":\"BreadcrumbList\",\"@id\":\"https:\\\/\\\/observatoire-hexagone.org\\\/index.php\\\/2026\\\/04\\\/27\\\/sur-le-service-public-la-droite-tres-minoritaire-dans-les-emissions-de-debat\\\/#breadcrumb\",\"itemListElement\":[{\"@type\":\"ListItem\",\"position\":1,\"name\":\"Accueil\",\"item\":\"https:\\\/\\\/observatoire-hexagone.org\\\/\"},{\"@type\":\"ListItem\",\"position\":2,\"name\":\"Sur le service public, la droite tr\u00e8s minoritaire dans les \u00e9missions de d\u00e9bat\u00a0\"}]},{\"@type\":\"WebSite\",\"@id\":\"https:\\\/\\\/observatoire-hexagone.org\\\/#website\",\"url\":\"https:\\\/\\\/observatoire-hexagone.org\\\/\",\"name\":\"Hexagone | La France en chiffres\",\"description\":\"\",\"publisher\":{\"@id\":\"https:\\\/\\\/observatoire-hexagone.org\\\/#organization\"},\"potentialAction\":[{\"@type\":\"SearchAction\",\"target\":{\"@type\":\"EntryPoint\",\"urlTemplate\":\"https:\\\/\\\/observatoire-hexagone.org\\\/?s={search_term_string}\"},\"query-input\":{\"@type\":\"PropertyValueSpecification\",\"valueRequired\":true,\"valueName\":\"search_term_string\"}}],\"inLanguage\":\"fr-FR\"},{\"@type\":\"Organization\",\"@id\":\"https:\\\/\\\/observatoire-hexagone.org\\\/#organization\",\"name\":\"Hexagone | La France en chiffres\",\"url\":\"https:\\\/\\\/observatoire-hexagone.org\\\/\",\"logo\":{\"@type\":\"ImageObject\",\"inLanguage\":\"fr-FR\",\"@id\":\"https:\\\/\\\/observatoire-hexagone.org\\\/#\\\/schema\\\/logo\\\/image\\\/\",\"url\":\"https:\\\/\\\/observatoire-hexagone.org\\\/wp-content\\\/uploads\\\/2024\\\/06\\\/Horizontal_Principal-e1718962711881.png\",\"contentUrl\":\"https:\\\/\\\/observatoire-hexagone.org\\\/wp-content\\\/uploads\\\/2024\\\/06\\\/Horizontal_Principal-e1718962711881.png\",\"width\":1894,\"height\":511,\"caption\":\"Hexagone | La France en chiffres\"},\"image\":{\"@id\":\"https:\\\/\\\/observatoire-hexagone.org\\\/#\\\/schema\\\/logo\\\/image\\\/\"},\"sameAs\":[\"https:\\\/\\\/www.facebook.com\\\/profile.php?id=61562511315709\",\"https:\\\/\\\/x.com\\\/Hexagone_org\",\"https:\\\/\\\/www.linkedin.com\\\/company\\\/observatoire-hexagone\\\/\"]},{\"@type\":\"Person\",\"@id\":\"https:\\\/\\\/observatoire-hexagone.org\\\/#\\\/schema\\\/person\\\/fe83906cc630daa0c6f5a055ad397275\",\"name\":\"2024_Hexagone\",\"image\":{\"@type\":\"ImageObject\",\"inLanguage\":\"fr-FR\",\"@id\":\"https:\\\/\\\/secure.gravatar.com\\\/avatar\\\/ad7b39e71eb5dd01be853c7111522bb38a9e3a21a3626e747bdb3356accacd42?s=96&d=mm&r=g\",\"url\":\"https:\\\/\\\/secure.gravatar.com\\\/avatar\\\/ad7b39e71eb5dd01be853c7111522bb38a9e3a21a3626e747bdb3356accacd42?s=96&d=mm&r=g\",\"contentUrl\":\"https:\\\/\\\/secure.gravatar.com\\\/avatar\\\/ad7b39e71eb5dd01be853c7111522bb38a9e3a21a3626e747bdb3356accacd42?s=96&d=mm&r=g\",\"caption\":\"2024_Hexagone\"},\"url\":\"https:\\\/\\\/observatoire-hexagone.org\\\/index.php\\\/author\\\/hexagone_2024\\\/\"}]}<\/script>\n<!-- \/ Yoast SEO plugin. -->","yoast_head_json":{"title":"Sur le service public, la droite tr\u00e8s minoritaire dans les \u00e9missions de d\u00e9bat\u00a0 - Hexagone | La France en chiffres","description":"A un an de l\u2019\u00e9lection pr\u00e9sidentielle, et dans l\u2019attente de la publication du rapport de la commission d\u2019enqu\u00eate sur l\u2019audiovisuel public, notre analyse","robots":{"index":"index","follow":"follow","max-snippet":"max-snippet:-1","max-image-preview":"max-image-preview:large","max-video-preview":"max-video-preview:-1"},"canonical":"https:\/\/observatoire-hexagone.org\/index.php\/2026\/04\/27\/sur-le-service-public-la-droite-tres-minoritaire-dans-les-emissions-de-debat\/","og_locale":"fr_FR","og_type":"article","og_title":"Sur le service public, la droite tr\u00e8s minoritaire dans les \u00e9missions de d\u00e9bat\u00a0 - Hexagone | La France en chiffres","og_description":"A un an de l\u2019\u00e9lection pr\u00e9sidentielle, et dans l\u2019attente de la publication du rapport de la commission d\u2019enqu\u00eate sur l\u2019audiovisuel public, notre analyse","og_url":"https:\/\/observatoire-hexagone.org\/index.php\/2026\/04\/27\/sur-le-service-public-la-droite-tres-minoritaire-dans-les-emissions-de-debat\/","og_site_name":"Hexagone | La France en chiffres","article_publisher":"https:\/\/www.facebook.com\/profile.php?id=61562511315709","article_published_time":"2026-04-27T09:26:24+00:00","article_modified_time":"2026-04-27T09:27:10+00:00","og_image":[{"width":1024,"height":683,"url":"https:\/\/observatoire-hexagone.org\/wp-content\/uploads\/2026\/04\/18502066641_c2c17f7d60_b.jpg","type":"image\/jpeg"}],"author":"2024_Hexagone","twitter_card":"summary_large_image","twitter_creator":"@Hexagone_org","twitter_site":"@Hexagone_org","twitter_misc":{"\u00c9crit par":"2024_Hexagone","Dur\u00e9e de lecture estim\u00e9e":"6 minutes"},"schema":{"@context":"https:\/\/schema.org","@graph":[{"@type":"Article","@id":"https:\/\/observatoire-hexagone.org\/index.php\/2026\/04\/27\/sur-le-service-public-la-droite-tres-minoritaire-dans-les-emissions-de-debat\/#article","isPartOf":{"@id":"https:\/\/observatoire-hexagone.org\/index.php\/2026\/04\/27\/sur-le-service-public-la-droite-tres-minoritaire-dans-les-emissions-de-debat\/"},"author":{"name":"2024_Hexagone","@id":"https:\/\/observatoire-hexagone.org\/#\/schema\/person\/fe83906cc630daa0c6f5a055ad397275"},"headline":"Sur le service public, la droite tr\u00e8s minoritaire dans les \u00e9missions de d\u00e9bat\u00a0","datePublished":"2026-04-27T09:26:24+00:00","dateModified":"2026-04-27T09:27:10+00:00","mainEntityOfPage":{"@id":"https:\/\/observatoire-hexagone.org\/index.php\/2026\/04\/27\/sur-le-service-public-la-droite-tres-minoritaire-dans-les-emissions-de-debat\/"},"wordCount":1103,"commentCount":0,"publisher":{"@id":"https:\/\/observatoire-hexagone.org\/#organization"},"image":{"@id":"https:\/\/observatoire-hexagone.org\/index.php\/2026\/04\/27\/sur-le-service-public-la-droite-tres-minoritaire-dans-les-emissions-de-debat\/#primaryimage"},"thumbnailUrl":"https:\/\/observatoire-hexagone.org\/wp-content\/uploads\/2026\/04\/18502066641_c2c17f7d60_b.jpg","keywords":["#une"],"articleSection":["Soci\u00e9t\u00e9 et environnement"],"inLanguage":"fr-FR","potentialAction":[{"@type":"CommentAction","name":"Comment","target":["https:\/\/observatoire-hexagone.org\/index.php\/2026\/04\/27\/sur-le-service-public-la-droite-tres-minoritaire-dans-les-emissions-de-debat\/#respond"]}]},{"@type":"WebPage","@id":"https:\/\/observatoire-hexagone.org\/index.php\/2026\/04\/27\/sur-le-service-public-la-droite-tres-minoritaire-dans-les-emissions-de-debat\/","url":"https:\/\/observatoire-hexagone.org\/index.php\/2026\/04\/27\/sur-le-service-public-la-droite-tres-minoritaire-dans-les-emissions-de-debat\/","name":"Sur le service public, la droite tr\u00e8s minoritaire dans les \u00e9missions de d\u00e9bat\u00a0 - Hexagone | La France en chiffres","isPartOf":{"@id":"https:\/\/observatoire-hexagone.org\/#website"},"primaryImageOfPage":{"@id":"https:\/\/observatoire-hexagone.org\/index.php\/2026\/04\/27\/sur-le-service-public-la-droite-tres-minoritaire-dans-les-emissions-de-debat\/#primaryimage"},"image":{"@id":"https:\/\/observatoire-hexagone.org\/index.php\/2026\/04\/27\/sur-le-service-public-la-droite-tres-minoritaire-dans-les-emissions-de-debat\/#primaryimage"},"thumbnailUrl":"https:\/\/observatoire-hexagone.org\/wp-content\/uploads\/2026\/04\/18502066641_c2c17f7d60_b.jpg","datePublished":"2026-04-27T09:26:24+00:00","dateModified":"2026-04-27T09:27:10+00:00","description":"A un an de l\u2019\u00e9lection pr\u00e9sidentielle, et dans l\u2019attente de la publication du rapport de la commission d\u2019enqu\u00eate sur l\u2019audiovisuel public, notre analyse","breadcrumb":{"@id":"https:\/\/observatoire-hexagone.org\/index.php\/2026\/04\/27\/sur-le-service-public-la-droite-tres-minoritaire-dans-les-emissions-de-debat\/#breadcrumb"},"inLanguage":"fr-FR","potentialAction":[{"@type":"ReadAction","target":["https:\/\/observatoire-hexagone.org\/index.php\/2026\/04\/27\/sur-le-service-public-la-droite-tres-minoritaire-dans-les-emissions-de-debat\/"]}]},{"@type":"ImageObject","inLanguage":"fr-FR","@id":"https:\/\/observatoire-hexagone.org\/index.php\/2026\/04\/27\/sur-le-service-public-la-droite-tres-minoritaire-dans-les-emissions-de-debat\/#primaryimage","url":"https:\/\/observatoire-hexagone.org\/wp-content\/uploads\/2026\/04\/18502066641_c2c17f7d60_b.jpg","contentUrl":"https:\/\/observatoire-hexagone.org\/wp-content\/uploads\/2026\/04\/18502066641_c2c17f7d60_b.jpg","width":1024,"height":683},{"@type":"BreadcrumbList","@id":"https:\/\/observatoire-hexagone.org\/index.php\/2026\/04\/27\/sur-le-service-public-la-droite-tres-minoritaire-dans-les-emissions-de-debat\/#breadcrumb","itemListElement":[{"@type":"ListItem","position":1,"name":"Accueil","item":"https:\/\/observatoire-hexagone.org\/"},{"@type":"ListItem","position":2,"name":"Sur le service public, la droite tr\u00e8s minoritaire dans les \u00e9missions de d\u00e9bat\u00a0"}]},{"@type":"WebSite","@id":"https:\/\/observatoire-hexagone.org\/#website","url":"https:\/\/observatoire-hexagone.org\/","name":"Hexagone | La France en chiffres","description":"","publisher":{"@id":"https:\/\/observatoire-hexagone.org\/#organization"},"potentialAction":[{"@type":"SearchAction","target":{"@type":"EntryPoint","urlTemplate":"https:\/\/observatoire-hexagone.org\/?s={search_term_string}"},"query-input":{"@type":"PropertyValueSpecification","valueRequired":true,"valueName":"search_term_string"}}],"inLanguage":"fr-FR"},{"@type":"Organization","@id":"https:\/\/observatoire-hexagone.org\/#organization","name":"Hexagone | La France en chiffres","url":"https:\/\/observatoire-hexagone.org\/","logo":{"@type":"ImageObject","inLanguage":"fr-FR","@id":"https:\/\/observatoire-hexagone.org\/#\/schema\/logo\/image\/","url":"https:\/\/observatoire-hexagone.org\/wp-content\/uploads\/2024\/06\/Horizontal_Principal-e1718962711881.png","contentUrl":"https:\/\/observatoire-hexagone.org\/wp-content\/uploads\/2024\/06\/Horizontal_Principal-e1718962711881.png","width":1894,"height":511,"caption":"Hexagone | La France en chiffres"},"image":{"@id":"https:\/\/observatoire-hexagone.org\/#\/schema\/logo\/image\/"},"sameAs":["https:\/\/www.facebook.com\/profile.php?id=61562511315709","https:\/\/x.com\/Hexagone_org","https:\/\/www.linkedin.com\/company\/observatoire-hexagone\/"]},{"@type":"Person","@id":"https:\/\/observatoire-hexagone.org\/#\/schema\/person\/fe83906cc630daa0c6f5a055ad397275","name":"2024_Hexagone","image":{"@type":"ImageObject","inLanguage":"fr-FR","@id":"https:\/\/secure.gravatar.com\/avatar\/ad7b39e71eb5dd01be853c7111522bb38a9e3a21a3626e747bdb3356accacd42?s=96&d=mm&r=g","url":"https:\/\/secure.gravatar.com\/avatar\/ad7b39e71eb5dd01be853c7111522bb38a9e3a21a3626e747bdb3356accacd42?s=96&d=mm&r=g","contentUrl":"https:\/\/secure.gravatar.com\/avatar\/ad7b39e71eb5dd01be853c7111522bb38a9e3a21a3626e747bdb3356accacd42?s=96&d=mm&r=g","caption":"2024_Hexagone"},"url":"https:\/\/observatoire-hexagone.org\/index.php\/author\/hexagone_2024\/"}]}},"_links":{"self":[{"href":"https:\/\/observatoire-hexagone.org\/index.php\/wp-json\/wp\/v2\/posts\/9119","targetHints":{"allow":["GET"]}}],"collection":[{"href":"https:\/\/observatoire-hexagone.org\/index.php\/wp-json\/wp\/v2\/posts"}],"about":[{"href":"https:\/\/observatoire-hexagone.org\/index.php\/wp-json\/wp\/v2\/types\/post"}],"author":[{"embeddable":true,"href":"https:\/\/observatoire-hexagone.org\/index.php\/wp-json\/wp\/v2\/users\/2"}],"replies":[{"embeddable":true,"href":"https:\/\/observatoire-hexagone.org\/index.php\/wp-json\/wp\/v2\/comments?post=9119"}],"version-history":[{"count":2,"href":"https:\/\/observatoire-hexagone.org\/index.php\/wp-json\/wp\/v2\/posts\/9119\/revisions"}],"predecessor-version":[{"id":9124,"href":"https:\/\/observatoire-hexagone.org\/index.php\/wp-json\/wp\/v2\/posts\/9119\/revisions\/9124"}],"wp:featuredmedia":[{"embeddable":true,"href":"https:\/\/observatoire-hexagone.org\/index.php\/wp-json\/wp\/v2\/media\/9122"}],"wp:attachment":[{"href":"https:\/\/observatoire-hexagone.org\/index.php\/wp-json\/wp\/v2\/media?parent=9119"}],"wp:term":[{"taxonomy":"category","embeddable":true,"href":"https:\/\/observatoire-hexagone.org\/index.php\/wp-json\/wp\/v2\/categories?post=9119"},{"taxonomy":"post_tag","embeddable":true,"href":"https:\/\/observatoire-hexagone.org\/index.php\/wp-json\/wp\/v2\/tags?post=9119"}],"curies":[{"name":"wp","href":"https:\/\/api.w.org\/{rel}","templated":true}]}}