{"id":8904,"date":"2025-10-23T14:47:38","date_gmt":"2025-10-23T12:47:38","guid":{"rendered":"https:\/\/observatoire-hexagone.org\/?p=8904"},"modified":"2025-10-23T15:02:21","modified_gmt":"2025-10-23T13:02:21","slug":"les-medias-refletent-ils-lopinion-des-francais-etude-dhexagone-pour-marianne","status":"publish","type":"post","link":"https:\/\/observatoire-hexagone.org\/index.php\/2025\/10\/23\/les-medias-refletent-ils-lopinion-des-francais-etude-dhexagone-pour-marianne\/","title":{"rendered":"Les m\u00e9dias refl\u00e8tent-ils l\u2019opinion des Fran\u00e7ais ? \u00c9tude d&#8217;Hexagone pour Marianne"},"content":{"rendered":"\n<div class=\"wp-block-group is-nowrap is-layout-flex wp-container-core-group-is-layout-ad2f72ca wp-block-group-is-layout-flex\">\n<p><em>Interdire CNews, privatiser le service public audiovisuel\u2026 Le d\u00e9bat sur l\u2019ind\u00e9pendance politique des m\u00e9dias s\u2019\u00e9chauffe en France. Mais derri\u00e8re les pol\u00e9miques, que disent concr\u00e8tement les chiffres ? Pour tenter de l\u2019\u00e9clairer, Hexagone propose en exclusivit\u00e9 avec l&#8217;hebdomadaire Marianne une analyse exclusive de la pr\u00e9sence politique dans les sept principales \u00e9missions matinales de radio et de t\u00e9l\u00e9vision fran\u00e7aises sur le mois de septembre. <\/em><\/p>\n<\/div>\n\n\n\n<div data-wp-interactive=\"core\/file\" class=\"wp-block-file\"><object data-wp-bind--hidden=\"!state.hasPdfPreview\" hidden class=\"wp-block-file__embed\" data=\"https:\/\/observatoire-hexagone.org\/wp-content\/uploads\/2025\/10\/20250917_Hexagone_Invites_Matinales.pdf\" type=\"application\/pdf\" style=\"width:100%;height:600px\" aria-label=\"Contenu embarqu\u00e9 20250917_Hexagone_Invite\u0301s_Matinales.\"><\/object><a id=\"wp-block-file--media-359dc556-c3f8-4c2c-972a-2ef65fb044c4\" href=\"https:\/\/observatoire-hexagone.org\/wp-content\/uploads\/2025\/10\/20250917_Hexagone_Invites_Matinales.pdf\">20250917_Hexagone_Invite\u0301s_Matinales<\/a><a href=\"https:\/\/observatoire-hexagone.org\/wp-content\/uploads\/2025\/10\/20250917_Hexagone_Invites_Matinales.pdf\" class=\"wp-block-file__button wp-element-button\" download aria-describedby=\"wp-block-file--media-359dc556-c3f8-4c2c-972a-2ef65fb044c4\">T\u00e9l\u00e9charger<\/a><\/div>\n\n\n\n<p><em>Au total, 158 invit\u00e9s ont \u00e9t\u00e9 recens\u00e9s, en tenant compte \u00e0 la fois de leur nombre et du temps de parole qui leur a \u00e9t\u00e9 accord\u00e9. Cette approche permet de mesurer de fa\u00e7on plus objective les \u00e9quilibres, ou d\u00e9s\u00e9quilibres, qui structurent le d\u00e9bat public. La conclusion ? La concurrence des m\u00e9dias favorise l\u2019\u00e9quilibre dans la diffusion de la parole des forces politiques m\u00eame si cela n\u2019emp\u00eache pas une sous-repr\u00e9sentation de la parole de la droite et du Rassemblement national et une surrepr\u00e9sentation de la parole gouvernementale, du centre.<\/em><\/p>\n\n\n\n<figure class=\"wp-block-image size-large\"><img fetchpriority=\"high\" decoding=\"async\" width=\"819\" height=\"1024\" src=\"https:\/\/observatoire-hexagone.org\/wp-content\/uploads\/2025\/10\/1_91-819x1024.png\" alt=\"\" class=\"wp-image-8905\" srcset=\"https:\/\/observatoire-hexagone.org\/wp-content\/uploads\/2025\/10\/1_91-819x1024.png 819w, https:\/\/observatoire-hexagone.org\/wp-content\/uploads\/2025\/10\/1_91-240x300.png 240w, https:\/\/observatoire-hexagone.org\/wp-content\/uploads\/2025\/10\/1_91-768x960.png 768w, https:\/\/observatoire-hexagone.org\/wp-content\/uploads\/2025\/10\/1_91.png 1080w\" sizes=\"(max-width: 819px) 100vw, 819px\" \/><\/figure>\n\n\n\n<h6 class=\"wp-block-heading\">Majoritaires dans les intentions de vote, les courants id\u00e9ologiques de droite font moins entendre leur voix dans les matinales<\/h6>\n\n\n\n<p>Les candidats et partis de droite, des R\u00e9publicains \u00e0 Reconqu\u00eate, rassemblent aujourd\u2019hui environ 50 % des intentions de vote, un niveau in\u00e9dit depuis plusieurs ann\u00e9es. Pourtant, leur visibilit\u00e9 m\u00e9diatique reste en retrait : 38 % des invitations dans les matinales et 40 % du temps d\u2019expression \u00ab\u202fseulement\u202f\u00bb. Comme la gauche, la droite est donc sous-repr\u00e9sent\u00e9e, mais avec une particularit\u00e9 : ce d\u00e9calage se retrouve aussi bien sur le service public (France 2) que sur les grandes cha\u00eenes priv\u00e9es comme TF1. Seule CNews-Europe 1 inverse la tendance, avec 73 % des invit\u00e9s et 74 % du temps de parole accord\u00e9s \u00e0 la droite.\u00a0<\/p>\n\n\n\n<figure class=\"wp-block-image size-large\"><img decoding=\"async\" width=\"819\" height=\"1024\" src=\"https:\/\/observatoire-hexagone.org\/wp-content\/uploads\/2025\/10\/4_71-819x1024.png\" alt=\"\" class=\"wp-image-8907\" srcset=\"https:\/\/observatoire-hexagone.org\/wp-content\/uploads\/2025\/10\/4_71-819x1024.png 819w, https:\/\/observatoire-hexagone.org\/wp-content\/uploads\/2025\/10\/4_71-240x300.png 240w, https:\/\/observatoire-hexagone.org\/wp-content\/uploads\/2025\/10\/4_71-768x960.png 768w, https:\/\/observatoire-hexagone.org\/wp-content\/uploads\/2025\/10\/4_71.png 1080w\" sizes=\"(max-width: 819px) 100vw, 819px\" \/><\/figure>\n\n\n\n<h6 class=\"wp-block-heading\">Le Rassemblement national est largement sous-repr\u00e9sent\u00e9 parmi les invit\u00e9s des matinales \u2026 sauf chez CNews-Europe 1\u00a0<\/h6>\n\n\n\n<p>Premier parti du pays en nombre de voix, 33 % lors des derni\u00e8res l\u00e9gislatives et 34 % dans les intentions de vote actuelles, le Rassemblement national reste pourtant largement sous-repr\u00e9sent\u00e9 dans les grandes matinales. En incluant l\u2019UDR d\u2019\u00c9ric Ciotti, il ne repr\u00e9sente que 20 % des invitations sur les sept principales \u00e9missions analys\u00e9es.\u00a0<\/p>\n\n\n\n<figure class=\"wp-block-image size-large\"><img decoding=\"async\" width=\"1024\" height=\"614\" src=\"https:\/\/observatoire-hexagone.org\/wp-content\/uploads\/2025\/10\/Capture-decran-2025-10-23-a-12.00.51-1024x614.png\" alt=\"\" class=\"wp-image-8909\" srcset=\"https:\/\/observatoire-hexagone.org\/wp-content\/uploads\/2025\/10\/Capture-decran-2025-10-23-a-12.00.51-1024x614.png 1024w, https:\/\/observatoire-hexagone.org\/wp-content\/uploads\/2025\/10\/Capture-decran-2025-10-23-a-12.00.51-300x180.png 300w, https:\/\/observatoire-hexagone.org\/wp-content\/uploads\/2025\/10\/Capture-decran-2025-10-23-a-12.00.51-768x461.png 768w, https:\/\/observatoire-hexagone.org\/wp-content\/uploads\/2025\/10\/Capture-decran-2025-10-23-a-12.00.51-1536x921.png 1536w, https:\/\/observatoire-hexagone.org\/wp-content\/uploads\/2025\/10\/Capture-decran-2025-10-23-a-12.00.51.png 1834w\" sizes=\"(max-width: 1024px) 100vw, 1024px\" \/><\/figure>\n\n\n\n<p>Seul CNews-Europe 1 d\u00e9passe la barre des 34 % correspondant \u00e0 son poids \u00e9lectoral, avec 36 % des invit\u00e9s et surtout 39 % du temps de parole. Partout ailleurs, la pr\u00e9sence du RN demeure tr\u00e8s en de\u00e7\u00e0 : 13 % du temps de parole sur BFMTV ou Sud Radio, des scores inf\u00e9rieurs m\u00eame \u00e0 celui de France Inter (18 %).\u00a0<\/p>\n\n\n\n<h6 class=\"wp-block-heading\">Via la parole du gouvernement, le centre double sa place dans la parole m\u00e9diatique par rapport \u00e0 son soutien dans l\u2019opinion\u00a0<\/h6>\n\n\n\n<p>Le centre b\u00e9n\u00e9ficie d\u2019une surexposition dans les matinales, port\u00e9e par la parole gouvernementale, particuli\u00e8rement valoris\u00e9e en temps d\u2019antenne. Sur les 33 invit\u00e9s \u00e9tiquet\u00e9s comme appartenant \u00e0 la\u202f\u00ab\u202fmajorit\u00e9 pr\u00e9sidentielle\u202f\u00bb (Ensemble, Horizon et MoDem), 19 % sont des membres du gouvernement. Fran\u00e7ois Bayrou, par exemple, a obtenu plus de trente minutes d\u2019interview sur BFM et RTL juste avant l\u2019\u00e9chec de son vote de confiance, soit bien davantage que la plupart des invit\u00e9s habituels.\u00a0<\/p>\n\n\n\n<figure class=\"wp-block-image size-large\"><img loading=\"lazy\" decoding=\"async\" width=\"1024\" height=\"614\" src=\"https:\/\/observatoire-hexagone.org\/wp-content\/uploads\/2025\/10\/Capture-decran-2025-10-23-a-12.04.17-1024x614.png\" alt=\"\" class=\"wp-image-8910\" srcset=\"https:\/\/observatoire-hexagone.org\/wp-content\/uploads\/2025\/10\/Capture-decran-2025-10-23-a-12.04.17-1024x614.png 1024w, https:\/\/observatoire-hexagone.org\/wp-content\/uploads\/2025\/10\/Capture-decran-2025-10-23-a-12.04.17-300x180.png 300w, https:\/\/observatoire-hexagone.org\/wp-content\/uploads\/2025\/10\/Capture-decran-2025-10-23-a-12.04.17-768x460.png 768w, https:\/\/observatoire-hexagone.org\/wp-content\/uploads\/2025\/10\/Capture-decran-2025-10-23-a-12.04.17-1536x921.png 1536w, https:\/\/observatoire-hexagone.org\/wp-content\/uploads\/2025\/10\/Capture-decran-2025-10-23-a-12.04.17-2048x1228.png 2048w\" sizes=\"(max-width: 1024px) 100vw, 1024px\" \/><\/figure>\n\n\n\n<p>R\u00e9sultat : alors que le parti pr\u00e9sidentiel ne recueille plus qu\u2019environ 16 % des intentions de vote, il occupe plus d\u2019un cinqui\u00e8me du temps de parole dans les matinales, et m\u00eame davantage sur certaines cha\u00eenes : 33 % sur France 2, 32 % sur TF1 ou encore 31 % sur Sud Radio. \u00c0 l\u2019inverse, les cha\u00eenes d\u2019information en continu r\u00e9servent une place bien plus r\u00e9duite au camp centriste, avec 13 % sur BFMTV et 14 % sur CNews-Europe 1.\u00a0<\/p>\n\n\n\n<h6 class=\"wp-block-heading\">Sans CNews-Europe 1, la parole des repr\u00e9sentants de la droite nationale et conservatrice serait encore plus sous-repr\u00e9sent\u00e9e\u00a0<\/h6>\n\n\n\n<p>Dans les d\u00e9bats qui tournent autour de la pr\u00e9sence de CNews-Europe 1 dans le paysage m\u00e9diatique, et l\u2019opportunit\u00e9 de son interdiction, Hexagone s\u2019est pench\u00e9 sur son utilit\u00e9 dans la repr\u00e9sentation juste des id\u00e9es pr\u00e9sent\u00e9es par la chaine. Premier constat clair\u202f: contrairement \u00e0 l\u2019id\u00e9e re\u00e7ue, la parole du RN se r\u00e9v\u00e8le relativement marginale sur les diff\u00e9rentes matinales par rapport \u00e0 son poids dans l\u2019opinion. Dans ce contexte, CNews-Europe 1 est le seul m\u00e9dia \u00e0 inviter des repr\u00e9sentants du RN dans une proportion comparable \u00e0 leurs repr\u00e9sentativit\u00e9s dans l\u2019\u00e9lectorat (36 % des invit\u00e9s contre 34 % des voix). Ainsi, la chaine du groupe Bollor\u00e9 participe paradoxalement \u00e0 un r\u00e9\u00e9quilibrage global de la parole du RN dans les matinales de France.\u00a0<\/p>\n\n\n\n<figure class=\"wp-block-image size-large\"><img loading=\"lazy\" decoding=\"async\" width=\"1024\" height=\"616\" src=\"https:\/\/observatoire-hexagone.org\/wp-content\/uploads\/2025\/10\/Capture-decran-2025-10-23-a-12.05.25-1024x616.png\" alt=\"\" class=\"wp-image-8911\" srcset=\"https:\/\/observatoire-hexagone.org\/wp-content\/uploads\/2025\/10\/Capture-decran-2025-10-23-a-12.05.25-1024x616.png 1024w, https:\/\/observatoire-hexagone.org\/wp-content\/uploads\/2025\/10\/Capture-decran-2025-10-23-a-12.05.25-300x180.png 300w, https:\/\/observatoire-hexagone.org\/wp-content\/uploads\/2025\/10\/Capture-decran-2025-10-23-a-12.05.25-768x462.png 768w, https:\/\/observatoire-hexagone.org\/wp-content\/uploads\/2025\/10\/Capture-decran-2025-10-23-a-12.05.25-1536x924.png 1536w, https:\/\/observatoire-hexagone.org\/wp-content\/uploads\/2025\/10\/Capture-decran-2025-10-23-a-12.05.25.png 1826w\" sizes=\"(max-width: 1024px) 100vw, 1024px\" \/><\/figure>\n\n\n\n<h6 class=\"wp-block-heading\">A gauche, la parole non partisane s\u2019impose au d\u00e9triment des socialistes et des Insoumis\u00a0<\/h6>\n\n\n\n<p>A premi\u00e8re vue, la gauche dans son ensemble appara\u00eet sous-repr\u00e9sent\u00e9e, avec 22 % des invitations et 19 % du temps de parole, alors que les intentions de vote la situent plut\u00f4t autour des 29 %. Dans le d\u00e9tail des chaines, elle reste malgr\u00e9 tout tr\u00e8s pr\u00e9sente, notamment sur France 2 (36 % des invit\u00e9s et 35 % du temps de parole) et Sud Radio (36 % et 38 % respectivement), et le nombre d\u2019invit\u00e9s de gauche d\u00e9passe celui du Rassemblement national (34 contre 31 pour le RN), alors que le RN est en t\u00eate parmi les \u00e9lecteurs.\u00a0<\/p>\n\n\n\n<figure class=\"wp-block-image size-large\"><img loading=\"lazy\" decoding=\"async\" width=\"1024\" height=\"613\" src=\"https:\/\/observatoire-hexagone.org\/wp-content\/uploads\/2025\/10\/Capture-decran-2025-10-23-a-14.40.23-1024x613.png\" alt=\"\" class=\"wp-image-8912\" srcset=\"https:\/\/observatoire-hexagone.org\/wp-content\/uploads\/2025\/10\/Capture-decran-2025-10-23-a-14.40.23-1024x613.png 1024w, https:\/\/observatoire-hexagone.org\/wp-content\/uploads\/2025\/10\/Capture-decran-2025-10-23-a-14.40.23-300x180.png 300w, https:\/\/observatoire-hexagone.org\/wp-content\/uploads\/2025\/10\/Capture-decran-2025-10-23-a-14.40.23-768x460.png 768w, https:\/\/observatoire-hexagone.org\/wp-content\/uploads\/2025\/10\/Capture-decran-2025-10-23-a-14.40.23-1536x920.png 1536w, https:\/\/observatoire-hexagone.org\/wp-content\/uploads\/2025\/10\/Capture-decran-2025-10-23-a-14.40.23.png 1830w\" sizes=\"(max-width: 1024px) 100vw, 1024px\" \/><\/figure>\n\n\n\n<p>La gauche offre un cas particulier dans les matinales car cette apparente faiblesse s\u2019explique en partie par la surrepr\u00e9sentation d\u2019invit\u00e9s sans \u00e9tiquette partisane, non d\u00e9compt\u00e9es comme \u00e9tant de LFI, du PS ou des Ecologistes, mais identifi\u00e9s \u00e0 gauche, tels que par exemple Gabriel Zucman, Sophie Binet, Thomas Piketty ou Pierre Moscovici, inclus ici dans la cat\u00e9gorie \u00ab\u202fdivers gauche\u202f\u00bb.\u00a0<\/p>\n\n\n\n<p>Ainsi, si l\u2019on met de c\u00f4t\u00e9 les \u00e9tiquettes partisanes, que plus de la moiti\u00e9 des invit\u00e9s de France Inter n\u2019ont pas (52 %) par exemple, et que l\u2019on se penche plut\u00f4t sur le courant id\u00e9ologique qu\u2019ils portent, entre la gauche, la droite et le centre, on constate que la part des invit\u00e9s de gauche monte \u00e0 27 % et que leur temps de parole passe \u00e0 22 %.\u00a0<\/p>\n\n\n\n<h6 class=\"wp-block-heading\">METHODOLOGIE DE L\u2019ENQUETE\u00a0<\/h6>\n\n\n\n<p><em>L\u2019analyse porte sur les grandes \u00e9missions matinales d\u2019information diffus\u00e9es \u00e0 la radio et \u00e0 la t\u00e9l\u00e9vision en France. Ces programmes constituent des rendez-vous majeurs de l\u2019agenda m\u00e9diatique et accueillent r\u00e9guli\u00e8rement des responsables politiques, des repr\u00e9sentants institutionnels, des experts ou des personnalit\u00e9s publiques.<\/em>&nbsp;<\/p>\n\n\n\n<p><em>Pour chaque invit\u00e9 ont \u00e9t\u00e9 recens\u00e9s son \u00e9mission et la date de son intervention, son identit\u00e9, son \u00e9tiquette partisane lorsqu\u2019elle est applicable (parti, mouvement ou rattachement d\u00e9clar\u00e9), sa tendance id\u00e9ologique (gauche, centre, droite) selon le ton des propos exprim\u00e9s durant l\u2019entretien ou les engagements pass\u00e9s de l\u2019invit\u00e9, son temps de parole effectif, chronom\u00e9tr\u00e9 \u00e0 partir de la dur\u00e9e pendant laquelle l\u2019invit\u00e9 s\u2019exprime \u00e0 l\u2019antenne.<\/em>&nbsp;<\/p>\n\n\n\n<p><\/p>\n","protected":false},"excerpt":{"rendered":"<p>Interdire CNews, privatiser le service public audiovisuel\u2026 Le d\u00e9bat sur l\u2019ind\u00e9pendance politique des m\u00e9dias s\u2019\u00e9chauffe en France. Mais derri\u00e8re les pol\u00e9miques, que disent concr\u00e8tement les chiffres ? Pour tenter de l\u2019\u00e9clairer, Hexagone propose en exclusivit\u00e9 avec l&#8217;hebdomadaire Marianne une analyse exclusive de la pr\u00e9sence politique dans les sept principales \u00e9missions matinales de radio et de [&hellip;]<\/p>\n","protected":false},"author":2,"featured_media":8914,"comment_status":"open","ping_status":"open","sticky":false,"template":"","format":"standard","meta":{"footnotes":""},"categories":[7],"tags":[50],"class_list":["post-8904","post","type-post","status-publish","format-standard","has-post-thumbnail","hentry","category-societe-et-environnement","tag-une"],"yoast_head":"<!-- This site is optimized with the Yoast SEO plugin v27.3 - https:\/\/yoast.com\/product\/yoast-seo-wordpress\/ -->\n<title>Les m\u00e9dias refl\u00e8tent-ils l\u2019opinion des Fran\u00e7ais ? \u00c9tude d&#039;Hexagone pour Marianne - Hexagone | La France en chiffres<\/title>\n<meta name=\"description\" content=\"Interdire CNews, privatiser le service public audiovisuel\u2026 Le d\u00e9bat sur l\u2019ind\u00e9pendance politique des m\u00e9dias s\u2019\u00e9chauffe en France. Mais derri\u00e8re les\" \/>\n<meta name=\"robots\" content=\"index, follow, max-snippet:-1, max-image-preview:large, max-video-preview:-1\" \/>\n<link rel=\"canonical\" href=\"https:\/\/observatoire-hexagone.org\/index.php\/2025\/10\/23\/les-medias-refletent-ils-lopinion-des-francais-etude-dhexagone-pour-marianne\/\" \/>\n<meta property=\"og:locale\" content=\"fr_FR\" \/>\n<meta property=\"og:type\" content=\"article\" \/>\n<meta property=\"og:title\" content=\"Les m\u00e9dias refl\u00e8tent-ils l\u2019opinion des Fran\u00e7ais ? \u00c9tude d&#039;Hexagone pour Marianne - Hexagone | La France en chiffres\" \/>\n<meta property=\"og:description\" content=\"Interdire CNews, privatiser le service public audiovisuel\u2026 Le d\u00e9bat sur l\u2019ind\u00e9pendance politique des m\u00e9dias s\u2019\u00e9chauffe en France. Mais derri\u00e8re les\" \/>\n<meta property=\"og:url\" content=\"https:\/\/observatoire-hexagone.org\/index.php\/2025\/10\/23\/les-medias-refletent-ils-lopinion-des-francais-etude-dhexagone-pour-marianne\/\" \/>\n<meta property=\"og:site_name\" content=\"Hexagone | La France en chiffres\" \/>\n<meta property=\"article:publisher\" content=\"https:\/\/www.facebook.com\/profile.php?id=61562511315709\" \/>\n<meta property=\"article:published_time\" content=\"2025-10-23T12:47:38+00:00\" \/>\n<meta property=\"article:modified_time\" content=\"2025-10-23T13:02:21+00:00\" \/>\n<meta property=\"og:image\" content=\"https:\/\/observatoire-hexagone.org\/wp-content\/uploads\/2025\/10\/Capture-decran-2025-10-23-a-14.46.30.png\" \/>\n\t<meta property=\"og:image:width\" content=\"1038\" \/>\n\t<meta property=\"og:image:height\" content=\"1300\" \/>\n\t<meta property=\"og:image:type\" content=\"image\/png\" \/>\n<meta name=\"author\" content=\"2024_Hexagone\" \/>\n<meta name=\"twitter:card\" content=\"summary_large_image\" \/>\n<meta name=\"twitter:creator\" content=\"@Hexagone_org\" \/>\n<meta name=\"twitter:site\" content=\"@Hexagone_org\" \/>\n<meta name=\"twitter:label1\" content=\"\u00c9crit par\" \/>\n\t<meta name=\"twitter:data1\" content=\"2024_Hexagone\" \/>\n\t<meta name=\"twitter:label2\" content=\"Dur\u00e9e de lecture estim\u00e9e\" \/>\n\t<meta name=\"twitter:data2\" content=\"7 minutes\" \/>\n<script type=\"application\/ld+json\" class=\"yoast-schema-graph\">{\"@context\":\"https:\\\/\\\/schema.org\",\"@graph\":[{\"@type\":\"Article\",\"@id\":\"https:\\\/\\\/observatoire-hexagone.org\\\/index.php\\\/2025\\\/10\\\/23\\\/les-medias-refletent-ils-lopinion-des-francais-etude-dhexagone-pour-marianne\\\/#article\",\"isPartOf\":{\"@id\":\"https:\\\/\\\/observatoire-hexagone.org\\\/index.php\\\/2025\\\/10\\\/23\\\/les-medias-refletent-ils-lopinion-des-francais-etude-dhexagone-pour-marianne\\\/\"},\"author\":{\"name\":\"2024_Hexagone\",\"@id\":\"https:\\\/\\\/observatoire-hexagone.org\\\/#\\\/schema\\\/person\\\/fe83906cc630daa0c6f5a055ad397275\"},\"headline\":\"Les m\u00e9dias refl\u00e8tent-ils l\u2019opinion des Fran\u00e7ais ? \u00c9tude d&#8217;Hexagone pour Marianne\",\"datePublished\":\"2025-10-23T12:47:38+00:00\",\"dateModified\":\"2025-10-23T13:02:21+00:00\",\"mainEntityOfPage\":{\"@id\":\"https:\\\/\\\/observatoire-hexagone.org\\\/index.php\\\/2025\\\/10\\\/23\\\/les-medias-refletent-ils-lopinion-des-francais-etude-dhexagone-pour-marianne\\\/\"},\"wordCount\":1137,\"commentCount\":0,\"publisher\":{\"@id\":\"https:\\\/\\\/observatoire-hexagone.org\\\/#organization\"},\"image\":{\"@id\":\"https:\\\/\\\/observatoire-hexagone.org\\\/index.php\\\/2025\\\/10\\\/23\\\/les-medias-refletent-ils-lopinion-des-francais-etude-dhexagone-pour-marianne\\\/#primaryimage\"},\"thumbnailUrl\":\"https:\\\/\\\/observatoire-hexagone.org\\\/wp-content\\\/uploads\\\/2025\\\/10\\\/Capture-decran-2025-10-23-a-14.46.30.png\",\"keywords\":[\"#une\"],\"articleSection\":[\"Soci\u00e9t\u00e9 et environnement\"],\"inLanguage\":\"fr-FR\",\"potentialAction\":[{\"@type\":\"CommentAction\",\"name\":\"Comment\",\"target\":[\"https:\\\/\\\/observatoire-hexagone.org\\\/index.php\\\/2025\\\/10\\\/23\\\/les-medias-refletent-ils-lopinion-des-francais-etude-dhexagone-pour-marianne\\\/#respond\"]}]},{\"@type\":\"WebPage\",\"@id\":\"https:\\\/\\\/observatoire-hexagone.org\\\/index.php\\\/2025\\\/10\\\/23\\\/les-medias-refletent-ils-lopinion-des-francais-etude-dhexagone-pour-marianne\\\/\",\"url\":\"https:\\\/\\\/observatoire-hexagone.org\\\/index.php\\\/2025\\\/10\\\/23\\\/les-medias-refletent-ils-lopinion-des-francais-etude-dhexagone-pour-marianne\\\/\",\"name\":\"Les m\u00e9dias refl\u00e8tent-ils l\u2019opinion des Fran\u00e7ais ? \u00c9tude d'Hexagone pour Marianne - Hexagone | La France en chiffres\",\"isPartOf\":{\"@id\":\"https:\\\/\\\/observatoire-hexagone.org\\\/#website\"},\"primaryImageOfPage\":{\"@id\":\"https:\\\/\\\/observatoire-hexagone.org\\\/index.php\\\/2025\\\/10\\\/23\\\/les-medias-refletent-ils-lopinion-des-francais-etude-dhexagone-pour-marianne\\\/#primaryimage\"},\"image\":{\"@id\":\"https:\\\/\\\/observatoire-hexagone.org\\\/index.php\\\/2025\\\/10\\\/23\\\/les-medias-refletent-ils-lopinion-des-francais-etude-dhexagone-pour-marianne\\\/#primaryimage\"},\"thumbnailUrl\":\"https:\\\/\\\/observatoire-hexagone.org\\\/wp-content\\\/uploads\\\/2025\\\/10\\\/Capture-decran-2025-10-23-a-14.46.30.png\",\"datePublished\":\"2025-10-23T12:47:38+00:00\",\"dateModified\":\"2025-10-23T13:02:21+00:00\",\"description\":\"Interdire CNews, privatiser le service public audiovisuel\u2026 Le d\u00e9bat sur l\u2019ind\u00e9pendance politique des m\u00e9dias s\u2019\u00e9chauffe en France. Mais derri\u00e8re les\",\"breadcrumb\":{\"@id\":\"https:\\\/\\\/observatoire-hexagone.org\\\/index.php\\\/2025\\\/10\\\/23\\\/les-medias-refletent-ils-lopinion-des-francais-etude-dhexagone-pour-marianne\\\/#breadcrumb\"},\"inLanguage\":\"fr-FR\",\"potentialAction\":[{\"@type\":\"ReadAction\",\"target\":[\"https:\\\/\\\/observatoire-hexagone.org\\\/index.php\\\/2025\\\/10\\\/23\\\/les-medias-refletent-ils-lopinion-des-francais-etude-dhexagone-pour-marianne\\\/\"]}]},{\"@type\":\"ImageObject\",\"inLanguage\":\"fr-FR\",\"@id\":\"https:\\\/\\\/observatoire-hexagone.org\\\/index.php\\\/2025\\\/10\\\/23\\\/les-medias-refletent-ils-lopinion-des-francais-etude-dhexagone-pour-marianne\\\/#primaryimage\",\"url\":\"https:\\\/\\\/observatoire-hexagone.org\\\/wp-content\\\/uploads\\\/2025\\\/10\\\/Capture-decran-2025-10-23-a-14.46.30.png\",\"contentUrl\":\"https:\\\/\\\/observatoire-hexagone.org\\\/wp-content\\\/uploads\\\/2025\\\/10\\\/Capture-decran-2025-10-23-a-14.46.30.png\",\"width\":1038,\"height\":1300},{\"@type\":\"BreadcrumbList\",\"@id\":\"https:\\\/\\\/observatoire-hexagone.org\\\/index.php\\\/2025\\\/10\\\/23\\\/les-medias-refletent-ils-lopinion-des-francais-etude-dhexagone-pour-marianne\\\/#breadcrumb\",\"itemListElement\":[{\"@type\":\"ListItem\",\"position\":1,\"name\":\"Accueil\",\"item\":\"https:\\\/\\\/observatoire-hexagone.org\\\/\"},{\"@type\":\"ListItem\",\"position\":2,\"name\":\"Les m\u00e9dias refl\u00e8tent-ils l\u2019opinion des Fran\u00e7ais ? \u00c9tude d&#8217;Hexagone pour Marianne\"}]},{\"@type\":\"WebSite\",\"@id\":\"https:\\\/\\\/observatoire-hexagone.org\\\/#website\",\"url\":\"https:\\\/\\\/observatoire-hexagone.org\\\/\",\"name\":\"Hexagone | La France en chiffres\",\"description\":\"\",\"publisher\":{\"@id\":\"https:\\\/\\\/observatoire-hexagone.org\\\/#organization\"},\"potentialAction\":[{\"@type\":\"SearchAction\",\"target\":{\"@type\":\"EntryPoint\",\"urlTemplate\":\"https:\\\/\\\/observatoire-hexagone.org\\\/?s={search_term_string}\"},\"query-input\":{\"@type\":\"PropertyValueSpecification\",\"valueRequired\":true,\"valueName\":\"search_term_string\"}}],\"inLanguage\":\"fr-FR\"},{\"@type\":\"Organization\",\"@id\":\"https:\\\/\\\/observatoire-hexagone.org\\\/#organization\",\"name\":\"Hexagone | La France en chiffres\",\"url\":\"https:\\\/\\\/observatoire-hexagone.org\\\/\",\"logo\":{\"@type\":\"ImageObject\",\"inLanguage\":\"fr-FR\",\"@id\":\"https:\\\/\\\/observatoire-hexagone.org\\\/#\\\/schema\\\/logo\\\/image\\\/\",\"url\":\"https:\\\/\\\/observatoire-hexagone.org\\\/wp-content\\\/uploads\\\/2024\\\/06\\\/Horizontal_Principal-e1718962711881.png\",\"contentUrl\":\"https:\\\/\\\/observatoire-hexagone.org\\\/wp-content\\\/uploads\\\/2024\\\/06\\\/Horizontal_Principal-e1718962711881.png\",\"width\":1894,\"height\":511,\"caption\":\"Hexagone | La France en chiffres\"},\"image\":{\"@id\":\"https:\\\/\\\/observatoire-hexagone.org\\\/#\\\/schema\\\/logo\\\/image\\\/\"},\"sameAs\":[\"https:\\\/\\\/www.facebook.com\\\/profile.php?id=61562511315709\",\"https:\\\/\\\/x.com\\\/Hexagone_org\",\"https:\\\/\\\/www.linkedin.com\\\/company\\\/observatoire-hexagone\\\/\"]},{\"@type\":\"Person\",\"@id\":\"https:\\\/\\\/observatoire-hexagone.org\\\/#\\\/schema\\\/person\\\/fe83906cc630daa0c6f5a055ad397275\",\"name\":\"2024_Hexagone\",\"image\":{\"@type\":\"ImageObject\",\"inLanguage\":\"fr-FR\",\"@id\":\"https:\\\/\\\/secure.gravatar.com\\\/avatar\\\/ad7b39e71eb5dd01be853c7111522bb38a9e3a21a3626e747bdb3356accacd42?s=96&d=mm&r=g\",\"url\":\"https:\\\/\\\/secure.gravatar.com\\\/avatar\\\/ad7b39e71eb5dd01be853c7111522bb38a9e3a21a3626e747bdb3356accacd42?s=96&d=mm&r=g\",\"contentUrl\":\"https:\\\/\\\/secure.gravatar.com\\\/avatar\\\/ad7b39e71eb5dd01be853c7111522bb38a9e3a21a3626e747bdb3356accacd42?s=96&d=mm&r=g\",\"caption\":\"2024_Hexagone\"},\"url\":\"https:\\\/\\\/observatoire-hexagone.org\\\/index.php\\\/author\\\/hexagone_2024\\\/\"}]}<\/script>\n<!-- \/ Yoast SEO plugin. -->","yoast_head_json":{"title":"Les m\u00e9dias refl\u00e8tent-ils l\u2019opinion des Fran\u00e7ais ? \u00c9tude d'Hexagone pour Marianne - Hexagone | La France en chiffres","description":"Interdire CNews, privatiser le service public audiovisuel\u2026 Le d\u00e9bat sur l\u2019ind\u00e9pendance politique des m\u00e9dias s\u2019\u00e9chauffe en France. Mais derri\u00e8re les","robots":{"index":"index","follow":"follow","max-snippet":"max-snippet:-1","max-image-preview":"max-image-preview:large","max-video-preview":"max-video-preview:-1"},"canonical":"https:\/\/observatoire-hexagone.org\/index.php\/2025\/10\/23\/les-medias-refletent-ils-lopinion-des-francais-etude-dhexagone-pour-marianne\/","og_locale":"fr_FR","og_type":"article","og_title":"Les m\u00e9dias refl\u00e8tent-ils l\u2019opinion des Fran\u00e7ais ? \u00c9tude d'Hexagone pour Marianne - Hexagone | La France en chiffres","og_description":"Interdire CNews, privatiser le service public audiovisuel\u2026 Le d\u00e9bat sur l\u2019ind\u00e9pendance politique des m\u00e9dias s\u2019\u00e9chauffe en France. Mais derri\u00e8re les","og_url":"https:\/\/observatoire-hexagone.org\/index.php\/2025\/10\/23\/les-medias-refletent-ils-lopinion-des-francais-etude-dhexagone-pour-marianne\/","og_site_name":"Hexagone | La France en chiffres","article_publisher":"https:\/\/www.facebook.com\/profile.php?id=61562511315709","article_published_time":"2025-10-23T12:47:38+00:00","article_modified_time":"2025-10-23T13:02:21+00:00","og_image":[{"width":1038,"height":1300,"url":"https:\/\/observatoire-hexagone.org\/wp-content\/uploads\/2025\/10\/Capture-decran-2025-10-23-a-14.46.30.png","type":"image\/png"}],"author":"2024_Hexagone","twitter_card":"summary_large_image","twitter_creator":"@Hexagone_org","twitter_site":"@Hexagone_org","twitter_misc":{"\u00c9crit par":"2024_Hexagone","Dur\u00e9e de lecture estim\u00e9e":"7 minutes"},"schema":{"@context":"https:\/\/schema.org","@graph":[{"@type":"Article","@id":"https:\/\/observatoire-hexagone.org\/index.php\/2025\/10\/23\/les-medias-refletent-ils-lopinion-des-francais-etude-dhexagone-pour-marianne\/#article","isPartOf":{"@id":"https:\/\/observatoire-hexagone.org\/index.php\/2025\/10\/23\/les-medias-refletent-ils-lopinion-des-francais-etude-dhexagone-pour-marianne\/"},"author":{"name":"2024_Hexagone","@id":"https:\/\/observatoire-hexagone.org\/#\/schema\/person\/fe83906cc630daa0c6f5a055ad397275"},"headline":"Les m\u00e9dias refl\u00e8tent-ils l\u2019opinion des Fran\u00e7ais ? \u00c9tude d&#8217;Hexagone pour Marianne","datePublished":"2025-10-23T12:47:38+00:00","dateModified":"2025-10-23T13:02:21+00:00","mainEntityOfPage":{"@id":"https:\/\/observatoire-hexagone.org\/index.php\/2025\/10\/23\/les-medias-refletent-ils-lopinion-des-francais-etude-dhexagone-pour-marianne\/"},"wordCount":1137,"commentCount":0,"publisher":{"@id":"https:\/\/observatoire-hexagone.org\/#organization"},"image":{"@id":"https:\/\/observatoire-hexagone.org\/index.php\/2025\/10\/23\/les-medias-refletent-ils-lopinion-des-francais-etude-dhexagone-pour-marianne\/#primaryimage"},"thumbnailUrl":"https:\/\/observatoire-hexagone.org\/wp-content\/uploads\/2025\/10\/Capture-decran-2025-10-23-a-14.46.30.png","keywords":["#une"],"articleSection":["Soci\u00e9t\u00e9 et environnement"],"inLanguage":"fr-FR","potentialAction":[{"@type":"CommentAction","name":"Comment","target":["https:\/\/observatoire-hexagone.org\/index.php\/2025\/10\/23\/les-medias-refletent-ils-lopinion-des-francais-etude-dhexagone-pour-marianne\/#respond"]}]},{"@type":"WebPage","@id":"https:\/\/observatoire-hexagone.org\/index.php\/2025\/10\/23\/les-medias-refletent-ils-lopinion-des-francais-etude-dhexagone-pour-marianne\/","url":"https:\/\/observatoire-hexagone.org\/index.php\/2025\/10\/23\/les-medias-refletent-ils-lopinion-des-francais-etude-dhexagone-pour-marianne\/","name":"Les m\u00e9dias refl\u00e8tent-ils l\u2019opinion des Fran\u00e7ais ? \u00c9tude d'Hexagone pour Marianne - Hexagone | La France en chiffres","isPartOf":{"@id":"https:\/\/observatoire-hexagone.org\/#website"},"primaryImageOfPage":{"@id":"https:\/\/observatoire-hexagone.org\/index.php\/2025\/10\/23\/les-medias-refletent-ils-lopinion-des-francais-etude-dhexagone-pour-marianne\/#primaryimage"},"image":{"@id":"https:\/\/observatoire-hexagone.org\/index.php\/2025\/10\/23\/les-medias-refletent-ils-lopinion-des-francais-etude-dhexagone-pour-marianne\/#primaryimage"},"thumbnailUrl":"https:\/\/observatoire-hexagone.org\/wp-content\/uploads\/2025\/10\/Capture-decran-2025-10-23-a-14.46.30.png","datePublished":"2025-10-23T12:47:38+00:00","dateModified":"2025-10-23T13:02:21+00:00","description":"Interdire CNews, privatiser le service public audiovisuel\u2026 Le d\u00e9bat sur l\u2019ind\u00e9pendance politique des m\u00e9dias s\u2019\u00e9chauffe en France. Mais derri\u00e8re les","breadcrumb":{"@id":"https:\/\/observatoire-hexagone.org\/index.php\/2025\/10\/23\/les-medias-refletent-ils-lopinion-des-francais-etude-dhexagone-pour-marianne\/#breadcrumb"},"inLanguage":"fr-FR","potentialAction":[{"@type":"ReadAction","target":["https:\/\/observatoire-hexagone.org\/index.php\/2025\/10\/23\/les-medias-refletent-ils-lopinion-des-francais-etude-dhexagone-pour-marianne\/"]}]},{"@type":"ImageObject","inLanguage":"fr-FR","@id":"https:\/\/observatoire-hexagone.org\/index.php\/2025\/10\/23\/les-medias-refletent-ils-lopinion-des-francais-etude-dhexagone-pour-marianne\/#primaryimage","url":"https:\/\/observatoire-hexagone.org\/wp-content\/uploads\/2025\/10\/Capture-decran-2025-10-23-a-14.46.30.png","contentUrl":"https:\/\/observatoire-hexagone.org\/wp-content\/uploads\/2025\/10\/Capture-decran-2025-10-23-a-14.46.30.png","width":1038,"height":1300},{"@type":"BreadcrumbList","@id":"https:\/\/observatoire-hexagone.org\/index.php\/2025\/10\/23\/les-medias-refletent-ils-lopinion-des-francais-etude-dhexagone-pour-marianne\/#breadcrumb","itemListElement":[{"@type":"ListItem","position":1,"name":"Accueil","item":"https:\/\/observatoire-hexagone.org\/"},{"@type":"ListItem","position":2,"name":"Les m\u00e9dias refl\u00e8tent-ils l\u2019opinion des Fran\u00e7ais ? \u00c9tude d&#8217;Hexagone pour Marianne"}]},{"@type":"WebSite","@id":"https:\/\/observatoire-hexagone.org\/#website","url":"https:\/\/observatoire-hexagone.org\/","name":"Hexagone | La France en chiffres","description":"","publisher":{"@id":"https:\/\/observatoire-hexagone.org\/#organization"},"potentialAction":[{"@type":"SearchAction","target":{"@type":"EntryPoint","urlTemplate":"https:\/\/observatoire-hexagone.org\/?s={search_term_string}"},"query-input":{"@type":"PropertyValueSpecification","valueRequired":true,"valueName":"search_term_string"}}],"inLanguage":"fr-FR"},{"@type":"Organization","@id":"https:\/\/observatoire-hexagone.org\/#organization","name":"Hexagone | La France en chiffres","url":"https:\/\/observatoire-hexagone.org\/","logo":{"@type":"ImageObject","inLanguage":"fr-FR","@id":"https:\/\/observatoire-hexagone.org\/#\/schema\/logo\/image\/","url":"https:\/\/observatoire-hexagone.org\/wp-content\/uploads\/2024\/06\/Horizontal_Principal-e1718962711881.png","contentUrl":"https:\/\/observatoire-hexagone.org\/wp-content\/uploads\/2024\/06\/Horizontal_Principal-e1718962711881.png","width":1894,"height":511,"caption":"Hexagone | La France en chiffres"},"image":{"@id":"https:\/\/observatoire-hexagone.org\/#\/schema\/logo\/image\/"},"sameAs":["https:\/\/www.facebook.com\/profile.php?id=61562511315709","https:\/\/x.com\/Hexagone_org","https:\/\/www.linkedin.com\/company\/observatoire-hexagone\/"]},{"@type":"Person","@id":"https:\/\/observatoire-hexagone.org\/#\/schema\/person\/fe83906cc630daa0c6f5a055ad397275","name":"2024_Hexagone","image":{"@type":"ImageObject","inLanguage":"fr-FR","@id":"https:\/\/secure.gravatar.com\/avatar\/ad7b39e71eb5dd01be853c7111522bb38a9e3a21a3626e747bdb3356accacd42?s=96&d=mm&r=g","url":"https:\/\/secure.gravatar.com\/avatar\/ad7b39e71eb5dd01be853c7111522bb38a9e3a21a3626e747bdb3356accacd42?s=96&d=mm&r=g","contentUrl":"https:\/\/secure.gravatar.com\/avatar\/ad7b39e71eb5dd01be853c7111522bb38a9e3a21a3626e747bdb3356accacd42?s=96&d=mm&r=g","caption":"2024_Hexagone"},"url":"https:\/\/observatoire-hexagone.org\/index.php\/author\/hexagone_2024\/"}]}},"_links":{"self":[{"href":"https:\/\/observatoire-hexagone.org\/index.php\/wp-json\/wp\/v2\/posts\/8904","targetHints":{"allow":["GET"]}}],"collection":[{"href":"https:\/\/observatoire-hexagone.org\/index.php\/wp-json\/wp\/v2\/posts"}],"about":[{"href":"https:\/\/observatoire-hexagone.org\/index.php\/wp-json\/wp\/v2\/types\/post"}],"author":[{"embeddable":true,"href":"https:\/\/observatoire-hexagone.org\/index.php\/wp-json\/wp\/v2\/users\/2"}],"replies":[{"embeddable":true,"href":"https:\/\/observatoire-hexagone.org\/index.php\/wp-json\/wp\/v2\/comments?post=8904"}],"version-history":[{"count":3,"href":"https:\/\/observatoire-hexagone.org\/index.php\/wp-json\/wp\/v2\/posts\/8904\/revisions"}],"predecessor-version":[{"id":8919,"href":"https:\/\/observatoire-hexagone.org\/index.php\/wp-json\/wp\/v2\/posts\/8904\/revisions\/8919"}],"wp:featuredmedia":[{"embeddable":true,"href":"https:\/\/observatoire-hexagone.org\/index.php\/wp-json\/wp\/v2\/media\/8914"}],"wp:attachment":[{"href":"https:\/\/observatoire-hexagone.org\/index.php\/wp-json\/wp\/v2\/media?parent=8904"}],"wp:term":[{"taxonomy":"category","embeddable":true,"href":"https:\/\/observatoire-hexagone.org\/index.php\/wp-json\/wp\/v2\/categories?post=8904"},{"taxonomy":"post_tag","embeddable":true,"href":"https:\/\/observatoire-hexagone.org\/index.php\/wp-json\/wp\/v2\/tags?post=8904"}],"curies":[{"name":"wp","href":"https:\/\/api.w.org\/{rel}","templated":true}]}}