{"id":8806,"date":"2025-09-03T16:56:09","date_gmt":"2025-09-03T14:56:09","guid":{"rendered":"https:\/\/observatoire-hexagone.org\/?p=8806"},"modified":"2025-10-13T11:13:07","modified_gmt":"2025-10-13T09:13:07","slug":"public-prive-les-francais-toujours-attaches-a-la-liberte-de-lenseignement","status":"publish","type":"post","link":"https:\/\/observatoire-hexagone.org\/index.php\/2025\/09\/03\/public-prive-les-francais-toujours-attaches-a-la-liberte-de-lenseignement\/","title":{"rendered":"Public, priv\u00e9&#8230; les Fran\u00e7ais toujours attach\u00e9s \u00e0 la libert\u00e9 de l\u2019enseignement\u00a0"},"content":{"rendered":"\n<p><em>En France, le d\u00e9bat sur l\u2019\u00e9cole oppose traditionnellement l\u2019enseignement public, la\u00efque, et l\u2019enseignement priv\u00e9, souvent catholique. Si le public accueille l\u2019immense majorit\u00e9 des \u00e9l\u00e8ves, le priv\u00e9 attire une part non n\u00e9gligeable des familles\u2026 et cette proportion tend \u00e0 progresser. Les derniers chiffres du Minist\u00e8re de l\u2019Education nationale confirment une l\u00e9g\u00e8re hausse des effectifs du priv\u00e9 au lyc\u00e9e entre 2019 et 2024, dans un contexte pourtant marqu\u00e9 par la stagnation d\u00e9mographique des lyc\u00e9ens, voire leur baisse.<\/em>&nbsp;<\/p>\n\n\n\n<p><em>Hexagone propose de revenir sur les chiffres r\u00e9cents, avant d\u2019explorer l\u2019ancrage historique et g\u00e9ographique du priv\u00e9. A partir d\u2019un r\u00e9cent sondage r\u00e9alis\u00e9 par l\u2019IFOP, nous pouvons mettre en lumi\u00e8re la reconnaissance sociale dont b\u00e9n\u00e9ficie cette fili\u00e8re, y compris sur la dimension spirituelle, pour enfin \u00e9largir la r\u00e9flexion aux motivations des familles.<\/em>&nbsp;<\/p>\n\n\n\n<div class=\"wp-block-group\"><div class=\"wp-block-group__inner-container is-layout-constrained wp-block-group-is-layout-constrained\">\n<h6 class=\"wp-block-heading\">L&#8217;enseignement priv\u00e9 est de plus en plus attractif en France\u00a0<\/h6>\n<\/div><\/div>\n\n\n\n<p>L\u2019enseignement priv\u00e9, majoritairement catholique, attire de plus en plus de familles en France. Selon les donn\u00e9es les plus r\u00e9centes publi\u00e9es par le minist\u00e8re de l\u2019\u00c9ducation nationale, la part des lyc\u00e9ens inscrits dans le priv\u00e9 est pass\u00e9e de 20,9 % en 2019 \u00e0 21,6 % en 2024, soit 7 200 lyc\u00e9ens de plus scolaris\u00e9s dans le priv\u00e9 alors que la population lyc\u00e9enne dans le public chute de 22 500 individus. Cette progression d\u2019un point peut sembler modeste, mais elle intervient dans un contexte o\u00f9 la population lyc\u00e9enne stagne, voire recule (-15 000 en 5 ans).\u00a0<\/p>\n\n\n\n<figure class=\"wp-block-image size-full\"><img fetchpriority=\"high\" decoding=\"async\" width=\"1082\" height=\"1352\" src=\"https:\/\/observatoire-hexagone.org\/wp-content\/uploads\/2025\/09\/Fichier-47.png\" alt=\"\" class=\"wp-image-8814\" srcset=\"https:\/\/observatoire-hexagone.org\/wp-content\/uploads\/2025\/09\/Fichier-47.png 1082w, https:\/\/observatoire-hexagone.org\/wp-content\/uploads\/2025\/09\/Fichier-47-240x300.png 240w, https:\/\/observatoire-hexagone.org\/wp-content\/uploads\/2025\/09\/Fichier-47-820x1024.png 820w, https:\/\/observatoire-hexagone.org\/wp-content\/uploads\/2025\/09\/Fichier-47-768x960.png 768w\" sizes=\"(max-width: 1082px) 100vw, 1082px\" \/><\/figure>\n\n\n\n<div class=\"wp-block-group\"><div class=\"wp-block-group__inner-container is-layout-constrained wp-block-group-is-layout-constrained\">\n<h6 class=\"wp-block-heading\">Un ancrage historique et g\u00e9ographique de l\u2019enseignement priv\u00e9, port\u00e9e par la tradition catholique\u00a0<\/h6>\n<\/div><\/div>\n\n\n\n<p>Cette fid\u00e9lit\u00e9 au priv\u00e9 s\u2019explique en partie par un h\u00e9ritage culturel. Dans les r\u00e9gions marqu\u00e9es par une forte tradition catholique, Bretagne, Vend\u00e9e ou encore certaines zones rurales de l\u2019Ouest, les \u00e9tablissements priv\u00e9s b\u00e9n\u00e9ficient d\u2019un enracinement ancien. Leur identit\u00e9 religieuse reste un facteur d\u2019adh\u00e9sion, m\u00eame si la pratique catholique conna\u00eet une baisse continue. Ainsi, la part des lyc\u00e9ens scolaris\u00e9s dans un \u00e9tablissement priv\u00e9 passe de 21,6 % en moyenne \u00e0 pr\u00e8s de 51 % en Vend\u00e9e, 47 % dans le Morbihan ou le Finist\u00e8re.&nbsp;<\/p>\n\n\n\n<figure class=\"wp-block-image size-full\"><img decoding=\"async\" width=\"1082\" height=\"1352\" src=\"https:\/\/observatoire-hexagone.org\/wp-content\/uploads\/2025\/09\/Fichier-501.png\" alt=\"\" class=\"wp-image-8815\" srcset=\"https:\/\/observatoire-hexagone.org\/wp-content\/uploads\/2025\/09\/Fichier-501.png 1082w, https:\/\/observatoire-hexagone.org\/wp-content\/uploads\/2025\/09\/Fichier-501-240x300.png 240w, https:\/\/observatoire-hexagone.org\/wp-content\/uploads\/2025\/09\/Fichier-501-820x1024.png 820w, https:\/\/observatoire-hexagone.org\/wp-content\/uploads\/2025\/09\/Fichier-501-768x960.png 768w\" sizes=\"(max-width: 1082px) 100vw, 1082px\" \/><\/figure>\n\n\n\n<p class=\"has-medium-font-size\"><\/p>\n\n\n\n<h6 class=\"wp-block-heading\">Une reconnaissance au m\u00eame titre que le public\u00a0<\/h6>\n\n\n\n<p>Malgr\u00e9 cette dimension confessionnelle, l\u2019enseignement priv\u00e9 sous contrat est aujourd\u2019hui pleinement int\u00e9gr\u00e9 au paysage scolaire fran\u00e7ais, et m\u00eame d\u00e9fendu par la population. Un sondage IFOP r\u00e9alis\u00e9 pour Famille Chr\u00e9tienne, RCF et Radio Notre Dame montre en parall\u00e8le que 67 % des Fran\u00e7ais se d\u00e9clarent attach\u00e9s \u00e0 la libert\u00e9 des parents de choisir entre public et priv\u00e9. L\u2019\u00e9cole priv\u00e9e b\u00e9n\u00e9ficie ainsi d\u2019une l\u00e9gitimit\u00e9 sociale large, bien au-del\u00e0 des cercles pratiquants.&nbsp;<\/p>\n\n\n\n<figure class=\"wp-block-image size-full\"><img decoding=\"async\" width=\"1082\" height=\"1352\" src=\"https:\/\/observatoire-hexagone.org\/wp-content\/uploads\/2025\/09\/Fichier-49.png\" alt=\"\" class=\"wp-image-8816\" srcset=\"https:\/\/observatoire-hexagone.org\/wp-content\/uploads\/2025\/09\/Fichier-49.png 1082w, https:\/\/observatoire-hexagone.org\/wp-content\/uploads\/2025\/09\/Fichier-49-240x300.png 240w, https:\/\/observatoire-hexagone.org\/wp-content\/uploads\/2025\/09\/Fichier-49-820x1024.png 820w, https:\/\/observatoire-hexagone.org\/wp-content\/uploads\/2025\/09\/Fichier-49-768x960.png 768w\" sizes=\"(max-width: 1082px) 100vw, 1082px\" \/><\/figure>\n\n\n\n<p class=\"has-medium-font-size\"><\/p>\n\n\n\n<h6 class=\"wp-block-heading\">Malgr\u00e9 la diminution de l\u2019influence de la religion, la place du spirituel dans l\u2019\u00e9cole catholique demeure\u00a0<\/h6>\n\n\n\n<p>Un sujet d\u00e9licat concerne l\u2019organisation de temps spirituels au sein des \u00e9tablissements priv\u00e9s catholiques. Nous l\u2019avons soulign\u00e9, la part des pratiquants au sein de la soci\u00e9t\u00e9 fran\u00e7aise a largement diminu\u00e9, ne d\u00e9passant plus les 10 % selon les estimations r\u00e9centes. Pourtant, le fait d\u2019int\u00e9grer un \u00e9tablissement priv\u00e9 confessionnel encourage les personnes concern\u00e9es \u00e0 reconnaitre la l\u00e9gitimit\u00e9 du spirituel dans ces lieux. Parmi les Fran\u00e7ais qui fr\u00e9quentent les \u00e9tablissements priv\u00e9s, 79 % estiment justifi\u00e9 de pr\u00e9voir des moments spirituels sur le temps scolaire. Fait notable, cette ouverture d\u00e9passe les g\u00e9n\u00e9rations : pr\u00e8s d\u2019un jeune sur deux de moins de 35 ans partage ce point de vue (39 % favorables contre 41 % d\u00e9favorables).&nbsp;<\/p>\n\n\n\n<h6 class=\"wp-block-heading has-medium-font-size\">Le choix du priv\u00e9 d\u00e9passe la religion<\/h6>\n\n\n\n<p>Si la tradition religieuse demeure une cl\u00e9 de lecture, d\u2019autres facteurs expliquent l\u2019attrait croissant du priv\u00e9 : recherche d\u2019un encadrement jug\u00e9 plus rigoureux, taille des classes, continuit\u00e9 \u00e9ducative du primaire au lyc\u00e9e, voire simple perception d\u2019un climat scolaire plus favorable. Autant d\u2019\u00e9l\u00e9ments qui nourrissent une tendance appel\u00e9e \u00e0 se poursuivre, alors que les d\u00e9bats sur l\u2019\u00e9cole publique restent vifs en France.&nbsp;<\/p>\n\n\n\n<p><\/p>\n","protected":false},"excerpt":{"rendered":"<p>En France, le d\u00e9bat sur l\u2019\u00e9cole oppose traditionnellement l\u2019enseignement public, la\u00efque, et l\u2019enseignement priv\u00e9, souvent catholique. Si le public accueille l\u2019immense majorit\u00e9 des \u00e9l\u00e8ves, le priv\u00e9 attire une part non n\u00e9gligeable des familles\u2026 et cette proportion tend \u00e0 progresser. Les derniers chiffres du Minist\u00e8re de l\u2019Education nationale confirment une l\u00e9g\u00e8re hausse des effectifs du priv\u00e9 [&hellip;]<\/p>\n","protected":false},"author":2,"featured_media":8810,"comment_status":"open","ping_status":"open","sticky":false,"template":"","format":"standard","meta":{"footnotes":""},"categories":[2],"tags":[59,49,50],"class_list":["post-8806","post","type-post","status-publish","format-standard","has-post-thumbnail","hentry","category-education","tag-laune","tag-post","tag-une"],"yoast_head":"<!-- This site is optimized with the Yoast SEO plugin v27.3 - https:\/\/yoast.com\/product\/yoast-seo-wordpress\/ -->\n<title>Public, priv\u00e9... les Fran\u00e7ais toujours attach\u00e9s \u00e0 la libert\u00e9 de l\u2019enseignement\u00a0 - Hexagone | La France en chiffres<\/title>\n<meta name=\"description\" content=\"En France, le d\u00e9bat sur l\u2019\u00e9cole oppose traditionnellement l\u2019enseignement public, la\u00efque, et l\u2019enseignement priv\u00e9, souvent catholique. Si le public\" \/>\n<meta name=\"robots\" content=\"index, follow, max-snippet:-1, max-image-preview:large, max-video-preview:-1\" \/>\n<link rel=\"canonical\" href=\"https:\/\/observatoire-hexagone.org\/index.php\/2025\/09\/03\/public-prive-les-francais-toujours-attaches-a-la-liberte-de-lenseignement\/\" \/>\n<meta property=\"og:locale\" content=\"fr_FR\" \/>\n<meta property=\"og:type\" content=\"article\" \/>\n<meta property=\"og:title\" content=\"Public, priv\u00e9... les Fran\u00e7ais toujours attach\u00e9s \u00e0 la libert\u00e9 de l\u2019enseignement\u00a0 - Hexagone | La France en chiffres\" \/>\n<meta property=\"og:description\" content=\"En France, le d\u00e9bat sur l\u2019\u00e9cole oppose traditionnellement l\u2019enseignement public, la\u00efque, et l\u2019enseignement priv\u00e9, souvent catholique. Si le public\" \/>\n<meta property=\"og:url\" content=\"https:\/\/observatoire-hexagone.org\/index.php\/2025\/09\/03\/public-prive-les-francais-toujours-attaches-a-la-liberte-de-lenseignement\/\" \/>\n<meta property=\"og:site_name\" content=\"Hexagone | La France en chiffres\" \/>\n<meta property=\"article:publisher\" content=\"https:\/\/www.facebook.com\/profile.php?id=61562511315709\" \/>\n<meta property=\"article:published_time\" content=\"2025-09-03T14:56:09+00:00\" \/>\n<meta property=\"article:modified_time\" content=\"2025-10-13T09:13:07+00:00\" \/>\n<meta property=\"og:image\" content=\"https:\/\/observatoire-hexagone.org\/wp-content\/uploads\/2025\/09\/educ-730x462-1.jpeg\" \/>\n\t<meta property=\"og:image:width\" content=\"730\" \/>\n\t<meta property=\"og:image:height\" content=\"462\" \/>\n\t<meta property=\"og:image:type\" content=\"image\/jpeg\" \/>\n<meta name=\"author\" content=\"2024_Hexagone\" \/>\n<meta name=\"twitter:card\" content=\"summary_large_image\" \/>\n<meta name=\"twitter:creator\" content=\"@Hexagone_org\" \/>\n<meta name=\"twitter:site\" content=\"@Hexagone_org\" \/>\n<meta name=\"twitter:label1\" content=\"\u00c9crit par\" \/>\n\t<meta name=\"twitter:data1\" content=\"2024_Hexagone\" \/>\n\t<meta name=\"twitter:label2\" content=\"Dur\u00e9e de lecture estim\u00e9e\" \/>\n\t<meta name=\"twitter:data2\" content=\"4 minutes\" \/>\n<script type=\"application\/ld+json\" class=\"yoast-schema-graph\">{\"@context\":\"https:\\\/\\\/schema.org\",\"@graph\":[{\"@type\":\"Article\",\"@id\":\"https:\\\/\\\/observatoire-hexagone.org\\\/index.php\\\/2025\\\/09\\\/03\\\/public-prive-les-francais-toujours-attaches-a-la-liberte-de-lenseignement\\\/#article\",\"isPartOf\":{\"@id\":\"https:\\\/\\\/observatoire-hexagone.org\\\/index.php\\\/2025\\\/09\\\/03\\\/public-prive-les-francais-toujours-attaches-a-la-liberte-de-lenseignement\\\/\"},\"author\":{\"name\":\"2024_Hexagone\",\"@id\":\"https:\\\/\\\/observatoire-hexagone.org\\\/#\\\/schema\\\/person\\\/fe83906cc630daa0c6f5a055ad397275\"},\"headline\":\"Public, priv\u00e9&#8230; les Fran\u00e7ais toujours attach\u00e9s \u00e0 la libert\u00e9 de l\u2019enseignement\u00a0\",\"datePublished\":\"2025-09-03T14:56:09+00:00\",\"dateModified\":\"2025-10-13T09:13:07+00:00\",\"mainEntityOfPage\":{\"@id\":\"https:\\\/\\\/observatoire-hexagone.org\\\/index.php\\\/2025\\\/09\\\/03\\\/public-prive-les-francais-toujours-attaches-a-la-liberte-de-lenseignement\\\/\"},\"wordCount\":697,\"commentCount\":0,\"publisher\":{\"@id\":\"https:\\\/\\\/observatoire-hexagone.org\\\/#organization\"},\"image\":{\"@id\":\"https:\\\/\\\/observatoire-hexagone.org\\\/index.php\\\/2025\\\/09\\\/03\\\/public-prive-les-francais-toujours-attaches-a-la-liberte-de-lenseignement\\\/#primaryimage\"},\"thumbnailUrl\":\"https:\\\/\\\/observatoire-hexagone.org\\\/wp-content\\\/uploads\\\/2025\\\/09\\\/educ-730x462-1.jpeg\",\"keywords\":[\"#LaUne\",\"#post\",\"#une\"],\"articleSection\":[\"\u00c9ducation\"],\"inLanguage\":\"fr-FR\",\"potentialAction\":[{\"@type\":\"CommentAction\",\"name\":\"Comment\",\"target\":[\"https:\\\/\\\/observatoire-hexagone.org\\\/index.php\\\/2025\\\/09\\\/03\\\/public-prive-les-francais-toujours-attaches-a-la-liberte-de-lenseignement\\\/#respond\"]}]},{\"@type\":\"WebPage\",\"@id\":\"https:\\\/\\\/observatoire-hexagone.org\\\/index.php\\\/2025\\\/09\\\/03\\\/public-prive-les-francais-toujours-attaches-a-la-liberte-de-lenseignement\\\/\",\"url\":\"https:\\\/\\\/observatoire-hexagone.org\\\/index.php\\\/2025\\\/09\\\/03\\\/public-prive-les-francais-toujours-attaches-a-la-liberte-de-lenseignement\\\/\",\"name\":\"Public, priv\u00e9... les Fran\u00e7ais toujours attach\u00e9s \u00e0 la libert\u00e9 de l\u2019enseignement\u00a0 - Hexagone | La France en chiffres\",\"isPartOf\":{\"@id\":\"https:\\\/\\\/observatoire-hexagone.org\\\/#website\"},\"primaryImageOfPage\":{\"@id\":\"https:\\\/\\\/observatoire-hexagone.org\\\/index.php\\\/2025\\\/09\\\/03\\\/public-prive-les-francais-toujours-attaches-a-la-liberte-de-lenseignement\\\/#primaryimage\"},\"image\":{\"@id\":\"https:\\\/\\\/observatoire-hexagone.org\\\/index.php\\\/2025\\\/09\\\/03\\\/public-prive-les-francais-toujours-attaches-a-la-liberte-de-lenseignement\\\/#primaryimage\"},\"thumbnailUrl\":\"https:\\\/\\\/observatoire-hexagone.org\\\/wp-content\\\/uploads\\\/2025\\\/09\\\/educ-730x462-1.jpeg\",\"datePublished\":\"2025-09-03T14:56:09+00:00\",\"dateModified\":\"2025-10-13T09:13:07+00:00\",\"description\":\"En France, le d\u00e9bat sur l\u2019\u00e9cole oppose traditionnellement l\u2019enseignement public, la\u00efque, et l\u2019enseignement priv\u00e9, souvent catholique. Si le public\",\"breadcrumb\":{\"@id\":\"https:\\\/\\\/observatoire-hexagone.org\\\/index.php\\\/2025\\\/09\\\/03\\\/public-prive-les-francais-toujours-attaches-a-la-liberte-de-lenseignement\\\/#breadcrumb\"},\"inLanguage\":\"fr-FR\",\"potentialAction\":[{\"@type\":\"ReadAction\",\"target\":[\"https:\\\/\\\/observatoire-hexagone.org\\\/index.php\\\/2025\\\/09\\\/03\\\/public-prive-les-francais-toujours-attaches-a-la-liberte-de-lenseignement\\\/\"]}]},{\"@type\":\"ImageObject\",\"inLanguage\":\"fr-FR\",\"@id\":\"https:\\\/\\\/observatoire-hexagone.org\\\/index.php\\\/2025\\\/09\\\/03\\\/public-prive-les-francais-toujours-attaches-a-la-liberte-de-lenseignement\\\/#primaryimage\",\"url\":\"https:\\\/\\\/observatoire-hexagone.org\\\/wp-content\\\/uploads\\\/2025\\\/09\\\/educ-730x462-1.jpeg\",\"contentUrl\":\"https:\\\/\\\/observatoire-hexagone.org\\\/wp-content\\\/uploads\\\/2025\\\/09\\\/educ-730x462-1.jpeg\",\"width\":730,\"height\":462},{\"@type\":\"BreadcrumbList\",\"@id\":\"https:\\\/\\\/observatoire-hexagone.org\\\/index.php\\\/2025\\\/09\\\/03\\\/public-prive-les-francais-toujours-attaches-a-la-liberte-de-lenseignement\\\/#breadcrumb\",\"itemListElement\":[{\"@type\":\"ListItem\",\"position\":1,\"name\":\"Accueil\",\"item\":\"https:\\\/\\\/observatoire-hexagone.org\\\/\"},{\"@type\":\"ListItem\",\"position\":2,\"name\":\"Public, priv\u00e9&#8230; les Fran\u00e7ais toujours attach\u00e9s \u00e0 la libert\u00e9 de l\u2019enseignement\u00a0\"}]},{\"@type\":\"WebSite\",\"@id\":\"https:\\\/\\\/observatoire-hexagone.org\\\/#website\",\"url\":\"https:\\\/\\\/observatoire-hexagone.org\\\/\",\"name\":\"Hexagone | La France en chiffres\",\"description\":\"\",\"publisher\":{\"@id\":\"https:\\\/\\\/observatoire-hexagone.org\\\/#organization\"},\"potentialAction\":[{\"@type\":\"SearchAction\",\"target\":{\"@type\":\"EntryPoint\",\"urlTemplate\":\"https:\\\/\\\/observatoire-hexagone.org\\\/?s={search_term_string}\"},\"query-input\":{\"@type\":\"PropertyValueSpecification\",\"valueRequired\":true,\"valueName\":\"search_term_string\"}}],\"inLanguage\":\"fr-FR\"},{\"@type\":\"Organization\",\"@id\":\"https:\\\/\\\/observatoire-hexagone.org\\\/#organization\",\"name\":\"Hexagone | La France en chiffres\",\"url\":\"https:\\\/\\\/observatoire-hexagone.org\\\/\",\"logo\":{\"@type\":\"ImageObject\",\"inLanguage\":\"fr-FR\",\"@id\":\"https:\\\/\\\/observatoire-hexagone.org\\\/#\\\/schema\\\/logo\\\/image\\\/\",\"url\":\"https:\\\/\\\/observatoire-hexagone.org\\\/wp-content\\\/uploads\\\/2024\\\/06\\\/Horizontal_Principal-e1718962711881.png\",\"contentUrl\":\"https:\\\/\\\/observatoire-hexagone.org\\\/wp-content\\\/uploads\\\/2024\\\/06\\\/Horizontal_Principal-e1718962711881.png\",\"width\":1894,\"height\":511,\"caption\":\"Hexagone | La France en chiffres\"},\"image\":{\"@id\":\"https:\\\/\\\/observatoire-hexagone.org\\\/#\\\/schema\\\/logo\\\/image\\\/\"},\"sameAs\":[\"https:\\\/\\\/www.facebook.com\\\/profile.php?id=61562511315709\",\"https:\\\/\\\/x.com\\\/Hexagone_org\",\"https:\\\/\\\/www.linkedin.com\\\/company\\\/observatoire-hexagone\\\/\"]},{\"@type\":\"Person\",\"@id\":\"https:\\\/\\\/observatoire-hexagone.org\\\/#\\\/schema\\\/person\\\/fe83906cc630daa0c6f5a055ad397275\",\"name\":\"2024_Hexagone\",\"image\":{\"@type\":\"ImageObject\",\"inLanguage\":\"fr-FR\",\"@id\":\"https:\\\/\\\/secure.gravatar.com\\\/avatar\\\/ad7b39e71eb5dd01be853c7111522bb38a9e3a21a3626e747bdb3356accacd42?s=96&d=mm&r=g\",\"url\":\"https:\\\/\\\/secure.gravatar.com\\\/avatar\\\/ad7b39e71eb5dd01be853c7111522bb38a9e3a21a3626e747bdb3356accacd42?s=96&d=mm&r=g\",\"contentUrl\":\"https:\\\/\\\/secure.gravatar.com\\\/avatar\\\/ad7b39e71eb5dd01be853c7111522bb38a9e3a21a3626e747bdb3356accacd42?s=96&d=mm&r=g\",\"caption\":\"2024_Hexagone\"},\"url\":\"https:\\\/\\\/observatoire-hexagone.org\\\/index.php\\\/author\\\/hexagone_2024\\\/\"}]}<\/script>\n<!-- \/ Yoast SEO plugin. -->","yoast_head_json":{"title":"Public, priv\u00e9... les Fran\u00e7ais toujours attach\u00e9s \u00e0 la libert\u00e9 de l\u2019enseignement\u00a0 - Hexagone | La France en chiffres","description":"En France, le d\u00e9bat sur l\u2019\u00e9cole oppose traditionnellement l\u2019enseignement public, la\u00efque, et l\u2019enseignement priv\u00e9, souvent catholique. Si le public","robots":{"index":"index","follow":"follow","max-snippet":"max-snippet:-1","max-image-preview":"max-image-preview:large","max-video-preview":"max-video-preview:-1"},"canonical":"https:\/\/observatoire-hexagone.org\/index.php\/2025\/09\/03\/public-prive-les-francais-toujours-attaches-a-la-liberte-de-lenseignement\/","og_locale":"fr_FR","og_type":"article","og_title":"Public, priv\u00e9... les Fran\u00e7ais toujours attach\u00e9s \u00e0 la libert\u00e9 de l\u2019enseignement\u00a0 - Hexagone | La France en chiffres","og_description":"En France, le d\u00e9bat sur l\u2019\u00e9cole oppose traditionnellement l\u2019enseignement public, la\u00efque, et l\u2019enseignement priv\u00e9, souvent catholique. Si le public","og_url":"https:\/\/observatoire-hexagone.org\/index.php\/2025\/09\/03\/public-prive-les-francais-toujours-attaches-a-la-liberte-de-lenseignement\/","og_site_name":"Hexagone | La France en chiffres","article_publisher":"https:\/\/www.facebook.com\/profile.php?id=61562511315709","article_published_time":"2025-09-03T14:56:09+00:00","article_modified_time":"2025-10-13T09:13:07+00:00","og_image":[{"width":730,"height":462,"url":"https:\/\/observatoire-hexagone.org\/wp-content\/uploads\/2025\/09\/educ-730x462-1.jpeg","type":"image\/jpeg"}],"author":"2024_Hexagone","twitter_card":"summary_large_image","twitter_creator":"@Hexagone_org","twitter_site":"@Hexagone_org","twitter_misc":{"\u00c9crit par":"2024_Hexagone","Dur\u00e9e de lecture estim\u00e9e":"4 minutes"},"schema":{"@context":"https:\/\/schema.org","@graph":[{"@type":"Article","@id":"https:\/\/observatoire-hexagone.org\/index.php\/2025\/09\/03\/public-prive-les-francais-toujours-attaches-a-la-liberte-de-lenseignement\/#article","isPartOf":{"@id":"https:\/\/observatoire-hexagone.org\/index.php\/2025\/09\/03\/public-prive-les-francais-toujours-attaches-a-la-liberte-de-lenseignement\/"},"author":{"name":"2024_Hexagone","@id":"https:\/\/observatoire-hexagone.org\/#\/schema\/person\/fe83906cc630daa0c6f5a055ad397275"},"headline":"Public, priv\u00e9&#8230; les Fran\u00e7ais toujours attach\u00e9s \u00e0 la libert\u00e9 de l\u2019enseignement\u00a0","datePublished":"2025-09-03T14:56:09+00:00","dateModified":"2025-10-13T09:13:07+00:00","mainEntityOfPage":{"@id":"https:\/\/observatoire-hexagone.org\/index.php\/2025\/09\/03\/public-prive-les-francais-toujours-attaches-a-la-liberte-de-lenseignement\/"},"wordCount":697,"commentCount":0,"publisher":{"@id":"https:\/\/observatoire-hexagone.org\/#organization"},"image":{"@id":"https:\/\/observatoire-hexagone.org\/index.php\/2025\/09\/03\/public-prive-les-francais-toujours-attaches-a-la-liberte-de-lenseignement\/#primaryimage"},"thumbnailUrl":"https:\/\/observatoire-hexagone.org\/wp-content\/uploads\/2025\/09\/educ-730x462-1.jpeg","keywords":["#LaUne","#post","#une"],"articleSection":["\u00c9ducation"],"inLanguage":"fr-FR","potentialAction":[{"@type":"CommentAction","name":"Comment","target":["https:\/\/observatoire-hexagone.org\/index.php\/2025\/09\/03\/public-prive-les-francais-toujours-attaches-a-la-liberte-de-lenseignement\/#respond"]}]},{"@type":"WebPage","@id":"https:\/\/observatoire-hexagone.org\/index.php\/2025\/09\/03\/public-prive-les-francais-toujours-attaches-a-la-liberte-de-lenseignement\/","url":"https:\/\/observatoire-hexagone.org\/index.php\/2025\/09\/03\/public-prive-les-francais-toujours-attaches-a-la-liberte-de-lenseignement\/","name":"Public, priv\u00e9... les Fran\u00e7ais toujours attach\u00e9s \u00e0 la libert\u00e9 de l\u2019enseignement\u00a0 - Hexagone | La France en chiffres","isPartOf":{"@id":"https:\/\/observatoire-hexagone.org\/#website"},"primaryImageOfPage":{"@id":"https:\/\/observatoire-hexagone.org\/index.php\/2025\/09\/03\/public-prive-les-francais-toujours-attaches-a-la-liberte-de-lenseignement\/#primaryimage"},"image":{"@id":"https:\/\/observatoire-hexagone.org\/index.php\/2025\/09\/03\/public-prive-les-francais-toujours-attaches-a-la-liberte-de-lenseignement\/#primaryimage"},"thumbnailUrl":"https:\/\/observatoire-hexagone.org\/wp-content\/uploads\/2025\/09\/educ-730x462-1.jpeg","datePublished":"2025-09-03T14:56:09+00:00","dateModified":"2025-10-13T09:13:07+00:00","description":"En France, le d\u00e9bat sur l\u2019\u00e9cole oppose traditionnellement l\u2019enseignement public, la\u00efque, et l\u2019enseignement priv\u00e9, souvent catholique. Si le public","breadcrumb":{"@id":"https:\/\/observatoire-hexagone.org\/index.php\/2025\/09\/03\/public-prive-les-francais-toujours-attaches-a-la-liberte-de-lenseignement\/#breadcrumb"},"inLanguage":"fr-FR","potentialAction":[{"@type":"ReadAction","target":["https:\/\/observatoire-hexagone.org\/index.php\/2025\/09\/03\/public-prive-les-francais-toujours-attaches-a-la-liberte-de-lenseignement\/"]}]},{"@type":"ImageObject","inLanguage":"fr-FR","@id":"https:\/\/observatoire-hexagone.org\/index.php\/2025\/09\/03\/public-prive-les-francais-toujours-attaches-a-la-liberte-de-lenseignement\/#primaryimage","url":"https:\/\/observatoire-hexagone.org\/wp-content\/uploads\/2025\/09\/educ-730x462-1.jpeg","contentUrl":"https:\/\/observatoire-hexagone.org\/wp-content\/uploads\/2025\/09\/educ-730x462-1.jpeg","width":730,"height":462},{"@type":"BreadcrumbList","@id":"https:\/\/observatoire-hexagone.org\/index.php\/2025\/09\/03\/public-prive-les-francais-toujours-attaches-a-la-liberte-de-lenseignement\/#breadcrumb","itemListElement":[{"@type":"ListItem","position":1,"name":"Accueil","item":"https:\/\/observatoire-hexagone.org\/"},{"@type":"ListItem","position":2,"name":"Public, priv\u00e9&#8230; les Fran\u00e7ais toujours attach\u00e9s \u00e0 la libert\u00e9 de l\u2019enseignement\u00a0"}]},{"@type":"WebSite","@id":"https:\/\/observatoire-hexagone.org\/#website","url":"https:\/\/observatoire-hexagone.org\/","name":"Hexagone | La France en chiffres","description":"","publisher":{"@id":"https:\/\/observatoire-hexagone.org\/#organization"},"potentialAction":[{"@type":"SearchAction","target":{"@type":"EntryPoint","urlTemplate":"https:\/\/observatoire-hexagone.org\/?s={search_term_string}"},"query-input":{"@type":"PropertyValueSpecification","valueRequired":true,"valueName":"search_term_string"}}],"inLanguage":"fr-FR"},{"@type":"Organization","@id":"https:\/\/observatoire-hexagone.org\/#organization","name":"Hexagone | La France en chiffres","url":"https:\/\/observatoire-hexagone.org\/","logo":{"@type":"ImageObject","inLanguage":"fr-FR","@id":"https:\/\/observatoire-hexagone.org\/#\/schema\/logo\/image\/","url":"https:\/\/observatoire-hexagone.org\/wp-content\/uploads\/2024\/06\/Horizontal_Principal-e1718962711881.png","contentUrl":"https:\/\/observatoire-hexagone.org\/wp-content\/uploads\/2024\/06\/Horizontal_Principal-e1718962711881.png","width":1894,"height":511,"caption":"Hexagone | La France en chiffres"},"image":{"@id":"https:\/\/observatoire-hexagone.org\/#\/schema\/logo\/image\/"},"sameAs":["https:\/\/www.facebook.com\/profile.php?id=61562511315709","https:\/\/x.com\/Hexagone_org","https:\/\/www.linkedin.com\/company\/observatoire-hexagone\/"]},{"@type":"Person","@id":"https:\/\/observatoire-hexagone.org\/#\/schema\/person\/fe83906cc630daa0c6f5a055ad397275","name":"2024_Hexagone","image":{"@type":"ImageObject","inLanguage":"fr-FR","@id":"https:\/\/secure.gravatar.com\/avatar\/ad7b39e71eb5dd01be853c7111522bb38a9e3a21a3626e747bdb3356accacd42?s=96&d=mm&r=g","url":"https:\/\/secure.gravatar.com\/avatar\/ad7b39e71eb5dd01be853c7111522bb38a9e3a21a3626e747bdb3356accacd42?s=96&d=mm&r=g","contentUrl":"https:\/\/secure.gravatar.com\/avatar\/ad7b39e71eb5dd01be853c7111522bb38a9e3a21a3626e747bdb3356accacd42?s=96&d=mm&r=g","caption":"2024_Hexagone"},"url":"https:\/\/observatoire-hexagone.org\/index.php\/author\/hexagone_2024\/"}]}},"_links":{"self":[{"href":"https:\/\/observatoire-hexagone.org\/index.php\/wp-json\/wp\/v2\/posts\/8806","targetHints":{"allow":["GET"]}}],"collection":[{"href":"https:\/\/observatoire-hexagone.org\/index.php\/wp-json\/wp\/v2\/posts"}],"about":[{"href":"https:\/\/observatoire-hexagone.org\/index.php\/wp-json\/wp\/v2\/types\/post"}],"author":[{"embeddable":true,"href":"https:\/\/observatoire-hexagone.org\/index.php\/wp-json\/wp\/v2\/users\/2"}],"replies":[{"embeddable":true,"href":"https:\/\/observatoire-hexagone.org\/index.php\/wp-json\/wp\/v2\/comments?post=8806"}],"version-history":[{"count":5,"href":"https:\/\/observatoire-hexagone.org\/index.php\/wp-json\/wp\/v2\/posts\/8806\/revisions"}],"predecessor-version":[{"id":8862,"href":"https:\/\/observatoire-hexagone.org\/index.php\/wp-json\/wp\/v2\/posts\/8806\/revisions\/8862"}],"wp:featuredmedia":[{"embeddable":true,"href":"https:\/\/observatoire-hexagone.org\/index.php\/wp-json\/wp\/v2\/media\/8810"}],"wp:attachment":[{"href":"https:\/\/observatoire-hexagone.org\/index.php\/wp-json\/wp\/v2\/media?parent=8806"}],"wp:term":[{"taxonomy":"category","embeddable":true,"href":"https:\/\/observatoire-hexagone.org\/index.php\/wp-json\/wp\/v2\/categories?post=8806"},{"taxonomy":"post_tag","embeddable":true,"href":"https:\/\/observatoire-hexagone.org\/index.php\/wp-json\/wp\/v2\/tags?post=8806"}],"curies":[{"name":"wp","href":"https:\/\/api.w.org\/{rel}","templated":true}]}}