{"id":8531,"date":"2025-04-18T10:18:42","date_gmt":"2025-04-18T08:18:42","guid":{"rendered":"https:\/\/observatoire-hexagone.org\/?p=8531"},"modified":"2025-05-27T09:48:10","modified_gmt":"2025-05-27T07:48:10","slug":"factures-delectricite-les-francais-narrivent-plus-a-payer-dapres-notre-etude-ifop","status":"publish","type":"post","link":"https:\/\/observatoire-hexagone.org\/index.php\/2025\/04\/18\/factures-delectricite-les-francais-narrivent-plus-a-payer-dapres-notre-etude-ifop\/","title":{"rendered":"Factures d&#8217;\u00e9lectricit\u00e9 : les Fran\u00e7ais n\u2019arrivent plus \u00e0 payer, d&#8217;apr\u00e8s notre \u00e9tude IFOP"},"content":{"rendered":"\n<p>Sondage Ifop pour Hexagone\u00a0<\/p>\n\n\n\n<p><em>Mars 2025\u202f\u2013 Alors que le second quinquennat d\u2019Emmanuel Macron est marqu\u00e9 par une relance de la production d\u2019\u00e9nergie nucl\u00e9aire, le contraste est frappant avec le d\u00e9but de son premier mandat, incarn\u00e9 par la fermeture de la centrale de Fessenheim. Un sondage Ifop pour l\u2019<\/em><a href=\"https:\/\/observatoire-hexagone.org\/\" target=\"_blank\" rel=\"noreferrer noopener\"><em>observatoire Hexagone<\/em><\/a><em> met en lumi\u00e8re ces h\u00e9sitations dans une enqu\u00eate r\u00e9alis\u00e9e du 28 au 30 janvier 2025 aupr\u00e8s d\u2019un \u00e9chantillon de 1000 personnes, repr\u00e9sentatif de la population fran\u00e7aise \u00e2g\u00e9e de 18 ans et plus. Ainsi, pour les Fran\u00e7ais, les \u00e9nergies renouvelables ont un r\u00f4le important \u00e0 jouer dans l\u2019avenir \u00e9nerg\u00e9tique du pays, au m\u00eame titre que le nucl\u00e9aire, qui conserve leur confiance pour garantir l\u2019ind\u00e9pendance de la France.<\/em>&nbsp;<\/p>\n\n\n\n<p><strong>En 50 ans, les tensions entre le d\u00e9veloppement des \u00e9nergies renouvelables et celui de l\u2019\u00e9nergie nucl\u00e9aire s\u2019affichent dans l\u2019opinion des Fran\u00e7ais<\/strong>&nbsp;<\/p>\n\n\n\n<p>Interrog\u00e9s \u00e0 50 ans d\u2019intervalle sur une m\u00eame question, les Fran\u00e7ais ont profond\u00e9ment chang\u00e9 de regard sur l\u2019\u00e9nergie qu\u2019ils jugent la plus porteuse d\u2019avenir pour la France. Alors qu\u2019en 1974 (au d\u00e9but du choc p\u00e9trolier), la moiti\u00e9 d\u2019entre eux (50\u202f%) citaient le nucl\u00e9aire comme l\u2019\u00e9nergie la plus prometteuse, ils ne sont plus qu\u2019un tiers aujourd\u2019hui (32\u202f%).&nbsp;<\/p>\n\n\n\n<figure class=\"wp-block-image size-large\"><img fetchpriority=\"high\" decoding=\"async\" width=\"1024\" height=\"570\" src=\"https:\/\/observatoire-hexagone.org\/wp-content\/uploads\/2025\/04\/image-7-1024x570.png\" alt=\"\" class=\"wp-image-8532\" srcset=\"https:\/\/observatoire-hexagone.org\/wp-content\/uploads\/2025\/04\/image-7-1024x570.png 1024w, https:\/\/observatoire-hexagone.org\/wp-content\/uploads\/2025\/04\/image-7-300x167.png 300w, https:\/\/observatoire-hexagone.org\/wp-content\/uploads\/2025\/04\/image-7-768x428.png 768w, https:\/\/observatoire-hexagone.org\/wp-content\/uploads\/2025\/04\/image-7.png 1456w\" sizes=\"(max-width: 1024px) 100vw, 1024px\" \/><\/figure>\n\n\n\n<p>Cette forte baisse de 18 points en cinquante ans inverse la tendance au profit des \u00e9nergies renouvelables : 46\u202f% des Fran\u00e7ais citent aujourd\u2019hui une \u00e9nergie renouvelable, contre 20\u202f% en 1974, \u00e0 une \u00e9poque o\u00f9 les technologies dans ce domaine en \u00e9taient \u00e0 leurs d\u00e9buts. La progression concerne principalement l\u2019\u00e9nergie solaire (29\u202f%, +17 pts), loin devant l\u2019\u00e9nergie \u00e9olienne (6\u202f%, +5 pts) et l\u2019\u00e9nergie hydraulique (3\u202f%, -1 pt).&nbsp;<\/p>\n\n\n\n<p><strong>Pour l\u2019avenir, la moiti\u00e9 des Fran\u00e7ais privil\u00e9gie plut\u00f4t les \u00e9nergies renouvelables et l\u2019autre moiti\u00e9 penche plut\u00f4t pour le nucl\u00e9aire.<\/strong>&nbsp;<\/p>\n\n\n\n<p>La moiti\u00e9 des r\u00e9pondants souhaitent aujourd\u2019hui que la France poursuive sa transition \u00e9nerg\u00e9tique en privil\u00e9giant les \u00e9nergies renouvelables (51\u202f%), au d\u00e9triment de l\u2019\u00e9nergie nucl\u00e9aire. \u00c0 l\u2019inverse, un quart (24\u202f%) pr\u00e9f\u00e8rent conserver l\u2019\u00e9quilibre actuel, c\u2019est-\u00e0-dire une production \u00e9nerg\u00e9tique encore largement fond\u00e9e sur le nucl\u00e9aire, tandis que 25\u202f% souhaiteraient que l\u2019\u00e9nergie nucl\u00e9aire soit davantage privil\u00e9gi\u00e9e.&nbsp;<\/p>\n\n\n\n<figure class=\"wp-block-image size-large\"><img decoding=\"async\" width=\"1024\" height=\"571\" src=\"https:\/\/observatoire-hexagone.org\/wp-content\/uploads\/2025\/04\/image-10-1024x571.png\" alt=\"\" class=\"wp-image-8535\" srcset=\"https:\/\/observatoire-hexagone.org\/wp-content\/uploads\/2025\/04\/image-10-1024x571.png 1024w, https:\/\/observatoire-hexagone.org\/wp-content\/uploads\/2025\/04\/image-10-300x167.png 300w, https:\/\/observatoire-hexagone.org\/wp-content\/uploads\/2025\/04\/image-10-768x428.png 768w, https:\/\/observatoire-hexagone.org\/wp-content\/uploads\/2025\/04\/image-10.png 1452w\" sizes=\"(max-width: 1024px) 100vw, 1024px\" \/><\/figure>\n\n\n\n<p><strong>Hommes \u00e2g\u00e9s pour le nucl\u00e9aire, jeunes femmes pour les renouvelables ? Le clivage g\u00e9n\u00e9rationnel et de genre se r\u00e9v\u00e8le dans le choix des \u00e9nergies d\u2019avenir.<\/strong>&nbsp;<\/p>\n\n\n\n<p>Ces r\u00e9sultats globaux masquent toutefois des r\u00e9alit\u00e9s tr\u00e8s contrast\u00e9es selon les segments de la population. Les femmes et les moins de 35 ans souhaitent majoritairement que la France privil\u00e9gie les \u00e9nergies renouvelables, tandis que les hommes et les personnes \u00e2g\u00e9es de 65 ans ou plus se montrent plus partag\u00e9s. Ainsi, ces derniers continuent de consid\u00e9rer le nucl\u00e9aire comme la principale \u00e9nergie d\u2019avenir, respectivement 48\u202f% et 45\u202f%, contre 32 % en moyenne parmi les Fran\u00e7ais, l\u00e0 o\u00f9 les femmes et les plus jeunes placent avant tout leurs espoirs dans les \u00e9nergies renouvelables.&nbsp;<\/p>\n\n\n\n<figure class=\"wp-block-image size-large\"><img decoding=\"async\" width=\"1024\" height=\"561\" src=\"https:\/\/observatoire-hexagone.org\/wp-content\/uploads\/2025\/04\/image-8-1024x561.png\" alt=\"\" class=\"wp-image-8533\" srcset=\"https:\/\/observatoire-hexagone.org\/wp-content\/uploads\/2025\/04\/image-8-1024x561.png 1024w, https:\/\/observatoire-hexagone.org\/wp-content\/uploads\/2025\/04\/image-8-300x164.png 300w, https:\/\/observatoire-hexagone.org\/wp-content\/uploads\/2025\/04\/image-8-768x421.png 768w, https:\/\/observatoire-hexagone.org\/wp-content\/uploads\/2025\/04\/image-8.png 1453w\" sizes=\"(max-width: 1024px) 100vw, 1024px\" \/><\/figure>\n\n\n\n<p><strong>Des \u00e9nergies fossiles \u00ab hors-jeu \u00bb ?<\/strong>&nbsp;<\/p>\n\n\n\n<p>Les \u00e9nergies fossiles p\u00e2tissent d\u2019une image tr\u00e8s d\u00e9grad\u00e9e en mati\u00e8re de souverainet\u00e9 \u00e9nerg\u00e9tique. Ainsi, 59\u202f% des r\u00e9pondants d\u00e9clarent ne pas faire confiance au p\u00e9trole pour assurer l\u2019ind\u00e9pendance \u00e9nerg\u00e9tique de la France (dont 29\u202f% ne lui font \u00ab pas du tout confiance \u00bb), et 68\u202f% expriment une d\u00e9fiance \u00e0 l\u2019\u00e9gard du charbon (dont 43\u202f% \u00ab pas du tout confiance \u00bb).\u00a0<\/p>\n\n\n\n<p>\u00c0 l\u2019inverse, les Fran\u00e7ais accordent majoritairement leur confiance \u00e0 l\u2019\u00e9nergie solaire (79\u202f%, dont 28\u202f% \u00ab tout \u00e0 fait confiance \u00bb), \u00e0 l\u2019\u00e9nergie hydraulique (71\u202f%, dont 20\u202f%) et m\u00eame \u00e0 l\u2019\u00e9nergie nucl\u00e9aire (65\u202f%, dont 23\u202f%). Une confiance \u00e9tendue, mais r\u00e9partie entre diff\u00e9rentes sources, ce qui \u00e9claire les h\u00e9sitations actuelles sur l\u2019orientation \u00e9nerg\u00e9tique \u00e0 privil\u00e9gier pour l\u2019avenir.&nbsp;<\/p>\n\n\n\n<figure class=\"wp-block-image size-large\"><img loading=\"lazy\" decoding=\"async\" width=\"1024\" height=\"567\" src=\"https:\/\/observatoire-hexagone.org\/wp-content\/uploads\/2025\/04\/image-9-1024x567.png\" alt=\"\" class=\"wp-image-8534\" srcset=\"https:\/\/observatoire-hexagone.org\/wp-content\/uploads\/2025\/04\/image-9-1024x567.png 1024w, https:\/\/observatoire-hexagone.org\/wp-content\/uploads\/2025\/04\/image-9-300x166.png 300w, https:\/\/observatoire-hexagone.org\/wp-content\/uploads\/2025\/04\/image-9-768x425.png 768w, https:\/\/observatoire-hexagone.org\/wp-content\/uploads\/2025\/04\/image-9.png 1453w\" sizes=\"(max-width: 1024px) 100vw, 1024px\" \/><\/figure>\n","protected":false},"excerpt":{"rendered":"<p>Sondage Ifop pour Hexagone\u00a0 Mars 2025\u202f\u2013 Alors que le second quinquennat d\u2019Emmanuel Macron est marqu\u00e9 par une relance de la production d\u2019\u00e9nergie nucl\u00e9aire, le contraste est frappant avec le d\u00e9but de son premier mandat, incarn\u00e9 par la fermeture de la centrale de Fessenheim. Un sondage Ifop pour l\u2019observatoire Hexagone met en lumi\u00e8re ces h\u00e9sitations dans [&hellip;]<\/p>\n","protected":false},"author":2,"featured_media":8536,"comment_status":"open","ping_status":"open","sticky":false,"template":"","format":"standard","meta":{"footnotes":""},"categories":[5],"tags":[58],"class_list":["post-8531","post","type-post","status-publish","format-standard","has-post-thumbnail","hentry","category-economie","tag-post-2"],"yoast_head":"<!-- This site is optimized with the Yoast SEO plugin v27.3 - https:\/\/yoast.com\/product\/yoast-seo-wordpress\/ -->\n<title>Factures d&#039;\u00e9lectricit\u00e9 : les Fran\u00e7ais n\u2019arrivent plus \u00e0 payer, d&#039;apr\u00e8s notre \u00e9tude IFOP - Hexagone | La France en chiffres<\/title>\n<meta name=\"description\" content=\"Sondage Ifop pour Hexagone\u00a0 Mars 2025\u202f\u2013 Alors que le second quinquennat d\u2019Emmanuel Macron est marqu\u00e9 par une relance de la production d\u2019\u00e9nergie nucl\u00e9aire,\" \/>\n<meta name=\"robots\" content=\"index, follow, max-snippet:-1, max-image-preview:large, max-video-preview:-1\" \/>\n<link rel=\"canonical\" href=\"https:\/\/observatoire-hexagone.org\/index.php\/2025\/04\/18\/factures-delectricite-les-francais-narrivent-plus-a-payer-dapres-notre-etude-ifop\/\" \/>\n<meta property=\"og:locale\" content=\"fr_FR\" \/>\n<meta property=\"og:type\" content=\"article\" \/>\n<meta property=\"og:title\" content=\"Factures d&#039;\u00e9lectricit\u00e9 : les Fran\u00e7ais n\u2019arrivent plus \u00e0 payer, d&#039;apr\u00e8s notre \u00e9tude IFOP - Hexagone | La France en chiffres\" \/>\n<meta property=\"og:description\" content=\"Sondage Ifop pour Hexagone\u00a0 Mars 2025\u202f\u2013 Alors que le second quinquennat d\u2019Emmanuel Macron est marqu\u00e9 par une relance de la production d\u2019\u00e9nergie nucl\u00e9aire,\" \/>\n<meta property=\"og:url\" content=\"https:\/\/observatoire-hexagone.org\/index.php\/2025\/04\/18\/factures-delectricite-les-francais-narrivent-plus-a-payer-dapres-notre-etude-ifop\/\" \/>\n<meta property=\"og:site_name\" content=\"Hexagone | La France en chiffres\" \/>\n<meta property=\"article:publisher\" content=\"https:\/\/www.facebook.com\/profile.php?id=61562511315709\" \/>\n<meta property=\"article:published_time\" content=\"2025-04-18T08:18:42+00:00\" \/>\n<meta property=\"article:modified_time\" content=\"2025-05-27T07:48:10+00:00\" \/>\n<meta property=\"og:image\" content=\"https:\/\/observatoire-hexagone.org\/wp-content\/uploads\/2025\/04\/czNmcy1wcml2YXRlL3Jhd3BpeGVsX2ltYWdlcy93ZWJzaXRlX2NvbnRlbnQvbHIvcHgxMDg5NDkwLWltYWdlLWt3dndjeHczLmpwZw.jpg\" \/>\n\t<meta property=\"og:image:width\" content=\"1300\" \/>\n\t<meta property=\"og:image:height\" content=\"868\" \/>\n\t<meta property=\"og:image:type\" content=\"image\/jpeg\" \/>\n<meta name=\"author\" content=\"2024_Hexagone\" \/>\n<meta name=\"twitter:card\" content=\"summary_large_image\" \/>\n<meta name=\"twitter:creator\" content=\"@Hexagone_org\" \/>\n<meta name=\"twitter:site\" content=\"@Hexagone_org\" \/>\n<meta name=\"twitter:label1\" content=\"\u00c9crit par\" \/>\n\t<meta name=\"twitter:data1\" content=\"2024_Hexagone\" \/>\n\t<meta name=\"twitter:label2\" content=\"Dur\u00e9e de lecture estim\u00e9e\" \/>\n\t<meta name=\"twitter:data2\" content=\"4 minutes\" \/>\n<script type=\"application\/ld+json\" class=\"yoast-schema-graph\">{\"@context\":\"https:\\\/\\\/schema.org\",\"@graph\":[{\"@type\":\"Article\",\"@id\":\"https:\\\/\\\/observatoire-hexagone.org\\\/index.php\\\/2025\\\/04\\\/18\\\/factures-delectricite-les-francais-narrivent-plus-a-payer-dapres-notre-etude-ifop\\\/#article\",\"isPartOf\":{\"@id\":\"https:\\\/\\\/observatoire-hexagone.org\\\/index.php\\\/2025\\\/04\\\/18\\\/factures-delectricite-les-francais-narrivent-plus-a-payer-dapres-notre-etude-ifop\\\/\"},\"author\":{\"name\":\"2024_Hexagone\",\"@id\":\"https:\\\/\\\/observatoire-hexagone.org\\\/#\\\/schema\\\/person\\\/fe83906cc630daa0c6f5a055ad397275\"},\"headline\":\"Factures d&#8217;\u00e9lectricit\u00e9 : les Fran\u00e7ais n\u2019arrivent plus \u00e0 payer, d&#8217;apr\u00e8s notre \u00e9tude IFOP\",\"datePublished\":\"2025-04-18T08:18:42+00:00\",\"dateModified\":\"2025-05-27T07:48:10+00:00\",\"mainEntityOfPage\":{\"@id\":\"https:\\\/\\\/observatoire-hexagone.org\\\/index.php\\\/2025\\\/04\\\/18\\\/factures-delectricite-les-francais-narrivent-plus-a-payer-dapres-notre-etude-ifop\\\/\"},\"wordCount\":656,\"commentCount\":0,\"publisher\":{\"@id\":\"https:\\\/\\\/observatoire-hexagone.org\\\/#organization\"},\"image\":{\"@id\":\"https:\\\/\\\/observatoire-hexagone.org\\\/index.php\\\/2025\\\/04\\\/18\\\/factures-delectricite-les-francais-narrivent-plus-a-payer-dapres-notre-etude-ifop\\\/#primaryimage\"},\"thumbnailUrl\":\"https:\\\/\\\/observatoire-hexagone.org\\\/wp-content\\\/uploads\\\/2025\\\/04\\\/czNmcy1wcml2YXRlL3Jhd3BpeGVsX2ltYWdlcy93ZWJzaXRlX2NvbnRlbnQvbHIvcHgxMDg5NDkwLWltYWdlLWt3dndjeHczLmpwZw.jpg\",\"keywords\":[\"post\"],\"articleSection\":[\"\u00c9conomie\"],\"inLanguage\":\"fr-FR\",\"potentialAction\":[{\"@type\":\"CommentAction\",\"name\":\"Comment\",\"target\":[\"https:\\\/\\\/observatoire-hexagone.org\\\/index.php\\\/2025\\\/04\\\/18\\\/factures-delectricite-les-francais-narrivent-plus-a-payer-dapres-notre-etude-ifop\\\/#respond\"]}]},{\"@type\":\"WebPage\",\"@id\":\"https:\\\/\\\/observatoire-hexagone.org\\\/index.php\\\/2025\\\/04\\\/18\\\/factures-delectricite-les-francais-narrivent-plus-a-payer-dapres-notre-etude-ifop\\\/\",\"url\":\"https:\\\/\\\/observatoire-hexagone.org\\\/index.php\\\/2025\\\/04\\\/18\\\/factures-delectricite-les-francais-narrivent-plus-a-payer-dapres-notre-etude-ifop\\\/\",\"name\":\"Factures d'\u00e9lectricit\u00e9 : les Fran\u00e7ais n\u2019arrivent plus \u00e0 payer, d'apr\u00e8s notre \u00e9tude IFOP - Hexagone | La France en chiffres\",\"isPartOf\":{\"@id\":\"https:\\\/\\\/observatoire-hexagone.org\\\/#website\"},\"primaryImageOfPage\":{\"@id\":\"https:\\\/\\\/observatoire-hexagone.org\\\/index.php\\\/2025\\\/04\\\/18\\\/factures-delectricite-les-francais-narrivent-plus-a-payer-dapres-notre-etude-ifop\\\/#primaryimage\"},\"image\":{\"@id\":\"https:\\\/\\\/observatoire-hexagone.org\\\/index.php\\\/2025\\\/04\\\/18\\\/factures-delectricite-les-francais-narrivent-plus-a-payer-dapres-notre-etude-ifop\\\/#primaryimage\"},\"thumbnailUrl\":\"https:\\\/\\\/observatoire-hexagone.org\\\/wp-content\\\/uploads\\\/2025\\\/04\\\/czNmcy1wcml2YXRlL3Jhd3BpeGVsX2ltYWdlcy93ZWJzaXRlX2NvbnRlbnQvbHIvcHgxMDg5NDkwLWltYWdlLWt3dndjeHczLmpwZw.jpg\",\"datePublished\":\"2025-04-18T08:18:42+00:00\",\"dateModified\":\"2025-05-27T07:48:10+00:00\",\"description\":\"Sondage Ifop pour Hexagone\u00a0 Mars 2025\u202f\u2013 Alors que le second quinquennat d\u2019Emmanuel Macron est marqu\u00e9 par une relance de la production d\u2019\u00e9nergie nucl\u00e9aire,\",\"breadcrumb\":{\"@id\":\"https:\\\/\\\/observatoire-hexagone.org\\\/index.php\\\/2025\\\/04\\\/18\\\/factures-delectricite-les-francais-narrivent-plus-a-payer-dapres-notre-etude-ifop\\\/#breadcrumb\"},\"inLanguage\":\"fr-FR\",\"potentialAction\":[{\"@type\":\"ReadAction\",\"target\":[\"https:\\\/\\\/observatoire-hexagone.org\\\/index.php\\\/2025\\\/04\\\/18\\\/factures-delectricite-les-francais-narrivent-plus-a-payer-dapres-notre-etude-ifop\\\/\"]}]},{\"@type\":\"ImageObject\",\"inLanguage\":\"fr-FR\",\"@id\":\"https:\\\/\\\/observatoire-hexagone.org\\\/index.php\\\/2025\\\/04\\\/18\\\/factures-delectricite-les-francais-narrivent-plus-a-payer-dapres-notre-etude-ifop\\\/#primaryimage\",\"url\":\"https:\\\/\\\/observatoire-hexagone.org\\\/wp-content\\\/uploads\\\/2025\\\/04\\\/czNmcy1wcml2YXRlL3Jhd3BpeGVsX2ltYWdlcy93ZWJzaXRlX2NvbnRlbnQvbHIvcHgxMDg5NDkwLWltYWdlLWt3dndjeHczLmpwZw.jpg\",\"contentUrl\":\"https:\\\/\\\/observatoire-hexagone.org\\\/wp-content\\\/uploads\\\/2025\\\/04\\\/czNmcy1wcml2YXRlL3Jhd3BpeGVsX2ltYWdlcy93ZWJzaXRlX2NvbnRlbnQvbHIvcHgxMDg5NDkwLWltYWdlLWt3dndjeHczLmpwZw.jpg\",\"width\":1300,\"height\":868,\"caption\":\"Free solar cell image, public domain CC0 photo.\"},{\"@type\":\"BreadcrumbList\",\"@id\":\"https:\\\/\\\/observatoire-hexagone.org\\\/index.php\\\/2025\\\/04\\\/18\\\/factures-delectricite-les-francais-narrivent-plus-a-payer-dapres-notre-etude-ifop\\\/#breadcrumb\",\"itemListElement\":[{\"@type\":\"ListItem\",\"position\":1,\"name\":\"Accueil\",\"item\":\"https:\\\/\\\/observatoire-hexagone.org\\\/\"},{\"@type\":\"ListItem\",\"position\":2,\"name\":\"Factures d&#8217;\u00e9lectricit\u00e9 : les Fran\u00e7ais n\u2019arrivent plus \u00e0 payer, d&#8217;apr\u00e8s notre \u00e9tude IFOP\"}]},{\"@type\":\"WebSite\",\"@id\":\"https:\\\/\\\/observatoire-hexagone.org\\\/#website\",\"url\":\"https:\\\/\\\/observatoire-hexagone.org\\\/\",\"name\":\"Hexagone | La France en chiffres\",\"description\":\"\",\"publisher\":{\"@id\":\"https:\\\/\\\/observatoire-hexagone.org\\\/#organization\"},\"potentialAction\":[{\"@type\":\"SearchAction\",\"target\":{\"@type\":\"EntryPoint\",\"urlTemplate\":\"https:\\\/\\\/observatoire-hexagone.org\\\/?s={search_term_string}\"},\"query-input\":{\"@type\":\"PropertyValueSpecification\",\"valueRequired\":true,\"valueName\":\"search_term_string\"}}],\"inLanguage\":\"fr-FR\"},{\"@type\":\"Organization\",\"@id\":\"https:\\\/\\\/observatoire-hexagone.org\\\/#organization\",\"name\":\"Hexagone | La France en chiffres\",\"url\":\"https:\\\/\\\/observatoire-hexagone.org\\\/\",\"logo\":{\"@type\":\"ImageObject\",\"inLanguage\":\"fr-FR\",\"@id\":\"https:\\\/\\\/observatoire-hexagone.org\\\/#\\\/schema\\\/logo\\\/image\\\/\",\"url\":\"https:\\\/\\\/observatoire-hexagone.org\\\/wp-content\\\/uploads\\\/2024\\\/06\\\/Horizontal_Principal-e1718962711881.png\",\"contentUrl\":\"https:\\\/\\\/observatoire-hexagone.org\\\/wp-content\\\/uploads\\\/2024\\\/06\\\/Horizontal_Principal-e1718962711881.png\",\"width\":1894,\"height\":511,\"caption\":\"Hexagone | La France en chiffres\"},\"image\":{\"@id\":\"https:\\\/\\\/observatoire-hexagone.org\\\/#\\\/schema\\\/logo\\\/image\\\/\"},\"sameAs\":[\"https:\\\/\\\/www.facebook.com\\\/profile.php?id=61562511315709\",\"https:\\\/\\\/x.com\\\/Hexagone_org\",\"https:\\\/\\\/www.linkedin.com\\\/company\\\/observatoire-hexagone\\\/\"]},{\"@type\":\"Person\",\"@id\":\"https:\\\/\\\/observatoire-hexagone.org\\\/#\\\/schema\\\/person\\\/fe83906cc630daa0c6f5a055ad397275\",\"name\":\"2024_Hexagone\",\"image\":{\"@type\":\"ImageObject\",\"inLanguage\":\"fr-FR\",\"@id\":\"https:\\\/\\\/secure.gravatar.com\\\/avatar\\\/ad7b39e71eb5dd01be853c7111522bb38a9e3a21a3626e747bdb3356accacd42?s=96&d=mm&r=g\",\"url\":\"https:\\\/\\\/secure.gravatar.com\\\/avatar\\\/ad7b39e71eb5dd01be853c7111522bb38a9e3a21a3626e747bdb3356accacd42?s=96&d=mm&r=g\",\"contentUrl\":\"https:\\\/\\\/secure.gravatar.com\\\/avatar\\\/ad7b39e71eb5dd01be853c7111522bb38a9e3a21a3626e747bdb3356accacd42?s=96&d=mm&r=g\",\"caption\":\"2024_Hexagone\"},\"url\":\"https:\\\/\\\/observatoire-hexagone.org\\\/index.php\\\/author\\\/hexagone_2024\\\/\"}]}<\/script>\n<!-- \/ Yoast SEO plugin. -->","yoast_head_json":{"title":"Factures d'\u00e9lectricit\u00e9 : les Fran\u00e7ais n\u2019arrivent plus \u00e0 payer, d'apr\u00e8s notre \u00e9tude IFOP - Hexagone | La France en chiffres","description":"Sondage Ifop pour Hexagone\u00a0 Mars 2025\u202f\u2013 Alors que le second quinquennat d\u2019Emmanuel Macron est marqu\u00e9 par une relance de la production d\u2019\u00e9nergie nucl\u00e9aire,","robots":{"index":"index","follow":"follow","max-snippet":"max-snippet:-1","max-image-preview":"max-image-preview:large","max-video-preview":"max-video-preview:-1"},"canonical":"https:\/\/observatoire-hexagone.org\/index.php\/2025\/04\/18\/factures-delectricite-les-francais-narrivent-plus-a-payer-dapres-notre-etude-ifop\/","og_locale":"fr_FR","og_type":"article","og_title":"Factures d'\u00e9lectricit\u00e9 : les Fran\u00e7ais n\u2019arrivent plus \u00e0 payer, d'apr\u00e8s notre \u00e9tude IFOP - Hexagone | La France en chiffres","og_description":"Sondage Ifop pour Hexagone\u00a0 Mars 2025\u202f\u2013 Alors que le second quinquennat d\u2019Emmanuel Macron est marqu\u00e9 par une relance de la production d\u2019\u00e9nergie nucl\u00e9aire,","og_url":"https:\/\/observatoire-hexagone.org\/index.php\/2025\/04\/18\/factures-delectricite-les-francais-narrivent-plus-a-payer-dapres-notre-etude-ifop\/","og_site_name":"Hexagone | La France en chiffres","article_publisher":"https:\/\/www.facebook.com\/profile.php?id=61562511315709","article_published_time":"2025-04-18T08:18:42+00:00","article_modified_time":"2025-05-27T07:48:10+00:00","og_image":[{"width":1300,"height":868,"url":"https:\/\/observatoire-hexagone.org\/wp-content\/uploads\/2025\/04\/czNmcy1wcml2YXRlL3Jhd3BpeGVsX2ltYWdlcy93ZWJzaXRlX2NvbnRlbnQvbHIvcHgxMDg5NDkwLWltYWdlLWt3dndjeHczLmpwZw.jpg","type":"image\/jpeg"}],"author":"2024_Hexagone","twitter_card":"summary_large_image","twitter_creator":"@Hexagone_org","twitter_site":"@Hexagone_org","twitter_misc":{"\u00c9crit par":"2024_Hexagone","Dur\u00e9e de lecture estim\u00e9e":"4 minutes"},"schema":{"@context":"https:\/\/schema.org","@graph":[{"@type":"Article","@id":"https:\/\/observatoire-hexagone.org\/index.php\/2025\/04\/18\/factures-delectricite-les-francais-narrivent-plus-a-payer-dapres-notre-etude-ifop\/#article","isPartOf":{"@id":"https:\/\/observatoire-hexagone.org\/index.php\/2025\/04\/18\/factures-delectricite-les-francais-narrivent-plus-a-payer-dapres-notre-etude-ifop\/"},"author":{"name":"2024_Hexagone","@id":"https:\/\/observatoire-hexagone.org\/#\/schema\/person\/fe83906cc630daa0c6f5a055ad397275"},"headline":"Factures d&#8217;\u00e9lectricit\u00e9 : les Fran\u00e7ais n\u2019arrivent plus \u00e0 payer, d&#8217;apr\u00e8s notre \u00e9tude IFOP","datePublished":"2025-04-18T08:18:42+00:00","dateModified":"2025-05-27T07:48:10+00:00","mainEntityOfPage":{"@id":"https:\/\/observatoire-hexagone.org\/index.php\/2025\/04\/18\/factures-delectricite-les-francais-narrivent-plus-a-payer-dapres-notre-etude-ifop\/"},"wordCount":656,"commentCount":0,"publisher":{"@id":"https:\/\/observatoire-hexagone.org\/#organization"},"image":{"@id":"https:\/\/observatoire-hexagone.org\/index.php\/2025\/04\/18\/factures-delectricite-les-francais-narrivent-plus-a-payer-dapres-notre-etude-ifop\/#primaryimage"},"thumbnailUrl":"https:\/\/observatoire-hexagone.org\/wp-content\/uploads\/2025\/04\/czNmcy1wcml2YXRlL3Jhd3BpeGVsX2ltYWdlcy93ZWJzaXRlX2NvbnRlbnQvbHIvcHgxMDg5NDkwLWltYWdlLWt3dndjeHczLmpwZw.jpg","keywords":["post"],"articleSection":["\u00c9conomie"],"inLanguage":"fr-FR","potentialAction":[{"@type":"CommentAction","name":"Comment","target":["https:\/\/observatoire-hexagone.org\/index.php\/2025\/04\/18\/factures-delectricite-les-francais-narrivent-plus-a-payer-dapres-notre-etude-ifop\/#respond"]}]},{"@type":"WebPage","@id":"https:\/\/observatoire-hexagone.org\/index.php\/2025\/04\/18\/factures-delectricite-les-francais-narrivent-plus-a-payer-dapres-notre-etude-ifop\/","url":"https:\/\/observatoire-hexagone.org\/index.php\/2025\/04\/18\/factures-delectricite-les-francais-narrivent-plus-a-payer-dapres-notre-etude-ifop\/","name":"Factures d'\u00e9lectricit\u00e9 : les Fran\u00e7ais n\u2019arrivent plus \u00e0 payer, d'apr\u00e8s notre \u00e9tude IFOP - Hexagone | La France en chiffres","isPartOf":{"@id":"https:\/\/observatoire-hexagone.org\/#website"},"primaryImageOfPage":{"@id":"https:\/\/observatoire-hexagone.org\/index.php\/2025\/04\/18\/factures-delectricite-les-francais-narrivent-plus-a-payer-dapres-notre-etude-ifop\/#primaryimage"},"image":{"@id":"https:\/\/observatoire-hexagone.org\/index.php\/2025\/04\/18\/factures-delectricite-les-francais-narrivent-plus-a-payer-dapres-notre-etude-ifop\/#primaryimage"},"thumbnailUrl":"https:\/\/observatoire-hexagone.org\/wp-content\/uploads\/2025\/04\/czNmcy1wcml2YXRlL3Jhd3BpeGVsX2ltYWdlcy93ZWJzaXRlX2NvbnRlbnQvbHIvcHgxMDg5NDkwLWltYWdlLWt3dndjeHczLmpwZw.jpg","datePublished":"2025-04-18T08:18:42+00:00","dateModified":"2025-05-27T07:48:10+00:00","description":"Sondage Ifop pour Hexagone\u00a0 Mars 2025\u202f\u2013 Alors que le second quinquennat d\u2019Emmanuel Macron est marqu\u00e9 par une relance de la production d\u2019\u00e9nergie nucl\u00e9aire,","breadcrumb":{"@id":"https:\/\/observatoire-hexagone.org\/index.php\/2025\/04\/18\/factures-delectricite-les-francais-narrivent-plus-a-payer-dapres-notre-etude-ifop\/#breadcrumb"},"inLanguage":"fr-FR","potentialAction":[{"@type":"ReadAction","target":["https:\/\/observatoire-hexagone.org\/index.php\/2025\/04\/18\/factures-delectricite-les-francais-narrivent-plus-a-payer-dapres-notre-etude-ifop\/"]}]},{"@type":"ImageObject","inLanguage":"fr-FR","@id":"https:\/\/observatoire-hexagone.org\/index.php\/2025\/04\/18\/factures-delectricite-les-francais-narrivent-plus-a-payer-dapres-notre-etude-ifop\/#primaryimage","url":"https:\/\/observatoire-hexagone.org\/wp-content\/uploads\/2025\/04\/czNmcy1wcml2YXRlL3Jhd3BpeGVsX2ltYWdlcy93ZWJzaXRlX2NvbnRlbnQvbHIvcHgxMDg5NDkwLWltYWdlLWt3dndjeHczLmpwZw.jpg","contentUrl":"https:\/\/observatoire-hexagone.org\/wp-content\/uploads\/2025\/04\/czNmcy1wcml2YXRlL3Jhd3BpeGVsX2ltYWdlcy93ZWJzaXRlX2NvbnRlbnQvbHIvcHgxMDg5NDkwLWltYWdlLWt3dndjeHczLmpwZw.jpg","width":1300,"height":868,"caption":"Free solar cell image, public domain CC0 photo."},{"@type":"BreadcrumbList","@id":"https:\/\/observatoire-hexagone.org\/index.php\/2025\/04\/18\/factures-delectricite-les-francais-narrivent-plus-a-payer-dapres-notre-etude-ifop\/#breadcrumb","itemListElement":[{"@type":"ListItem","position":1,"name":"Accueil","item":"https:\/\/observatoire-hexagone.org\/"},{"@type":"ListItem","position":2,"name":"Factures d&#8217;\u00e9lectricit\u00e9 : les Fran\u00e7ais n\u2019arrivent plus \u00e0 payer, d&#8217;apr\u00e8s notre \u00e9tude IFOP"}]},{"@type":"WebSite","@id":"https:\/\/observatoire-hexagone.org\/#website","url":"https:\/\/observatoire-hexagone.org\/","name":"Hexagone | La France en chiffres","description":"","publisher":{"@id":"https:\/\/observatoire-hexagone.org\/#organization"},"potentialAction":[{"@type":"SearchAction","target":{"@type":"EntryPoint","urlTemplate":"https:\/\/observatoire-hexagone.org\/?s={search_term_string}"},"query-input":{"@type":"PropertyValueSpecification","valueRequired":true,"valueName":"search_term_string"}}],"inLanguage":"fr-FR"},{"@type":"Organization","@id":"https:\/\/observatoire-hexagone.org\/#organization","name":"Hexagone | La France en chiffres","url":"https:\/\/observatoire-hexagone.org\/","logo":{"@type":"ImageObject","inLanguage":"fr-FR","@id":"https:\/\/observatoire-hexagone.org\/#\/schema\/logo\/image\/","url":"https:\/\/observatoire-hexagone.org\/wp-content\/uploads\/2024\/06\/Horizontal_Principal-e1718962711881.png","contentUrl":"https:\/\/observatoire-hexagone.org\/wp-content\/uploads\/2024\/06\/Horizontal_Principal-e1718962711881.png","width":1894,"height":511,"caption":"Hexagone | La France en chiffres"},"image":{"@id":"https:\/\/observatoire-hexagone.org\/#\/schema\/logo\/image\/"},"sameAs":["https:\/\/www.facebook.com\/profile.php?id=61562511315709","https:\/\/x.com\/Hexagone_org","https:\/\/www.linkedin.com\/company\/observatoire-hexagone\/"]},{"@type":"Person","@id":"https:\/\/observatoire-hexagone.org\/#\/schema\/person\/fe83906cc630daa0c6f5a055ad397275","name":"2024_Hexagone","image":{"@type":"ImageObject","inLanguage":"fr-FR","@id":"https:\/\/secure.gravatar.com\/avatar\/ad7b39e71eb5dd01be853c7111522bb38a9e3a21a3626e747bdb3356accacd42?s=96&d=mm&r=g","url":"https:\/\/secure.gravatar.com\/avatar\/ad7b39e71eb5dd01be853c7111522bb38a9e3a21a3626e747bdb3356accacd42?s=96&d=mm&r=g","contentUrl":"https:\/\/secure.gravatar.com\/avatar\/ad7b39e71eb5dd01be853c7111522bb38a9e3a21a3626e747bdb3356accacd42?s=96&d=mm&r=g","caption":"2024_Hexagone"},"url":"https:\/\/observatoire-hexagone.org\/index.php\/author\/hexagone_2024\/"}]}},"_links":{"self":[{"href":"https:\/\/observatoire-hexagone.org\/index.php\/wp-json\/wp\/v2\/posts\/8531","targetHints":{"allow":["GET"]}}],"collection":[{"href":"https:\/\/observatoire-hexagone.org\/index.php\/wp-json\/wp\/v2\/posts"}],"about":[{"href":"https:\/\/observatoire-hexagone.org\/index.php\/wp-json\/wp\/v2\/types\/post"}],"author":[{"embeddable":true,"href":"https:\/\/observatoire-hexagone.org\/index.php\/wp-json\/wp\/v2\/users\/2"}],"replies":[{"embeddable":true,"href":"https:\/\/observatoire-hexagone.org\/index.php\/wp-json\/wp\/v2\/comments?post=8531"}],"version-history":[{"count":2,"href":"https:\/\/observatoire-hexagone.org\/index.php\/wp-json\/wp\/v2\/posts\/8531\/revisions"}],"predecessor-version":[{"id":8640,"href":"https:\/\/observatoire-hexagone.org\/index.php\/wp-json\/wp\/v2\/posts\/8531\/revisions\/8640"}],"wp:featuredmedia":[{"embeddable":true,"href":"https:\/\/observatoire-hexagone.org\/index.php\/wp-json\/wp\/v2\/media\/8536"}],"wp:attachment":[{"href":"https:\/\/observatoire-hexagone.org\/index.php\/wp-json\/wp\/v2\/media?parent=8531"}],"wp:term":[{"taxonomy":"category","embeddable":true,"href":"https:\/\/observatoire-hexagone.org\/index.php\/wp-json\/wp\/v2\/categories?post=8531"},{"taxonomy":"post_tag","embeddable":true,"href":"https:\/\/observatoire-hexagone.org\/index.php\/wp-json\/wp\/v2\/tags?post=8531"}],"curies":[{"name":"wp","href":"https:\/\/api.w.org\/{rel}","templated":true}]}}