{"id":6691,"date":"2024-09-20T11:46:38","date_gmt":"2024-09-20T09:46:38","guid":{"rendered":"https:\/\/observatoire-hexagone.org\/?p=6691"},"modified":"2024-12-02T10:13:15","modified_gmt":"2024-12-02T09:13:15","slug":"etat-d-esprit-des-tpe-en-2024","status":"publish","type":"post","link":"https:\/\/observatoire-hexagone.org\/index.php\/2024\/09\/20\/etat-d-esprit-des-tpe-en-2024\/","title":{"rendered":"L&#8217;\u00e9tat d&#8217;esprit des TPE dans la France de 2024"},"content":{"rendered":"\n<h3 class=\"wp-block-heading has-text-color has-link-color wp-elements-7f42edcd3ad39876ec3373d1b79e871d\" style=\"color:#419c75\">Qu\u2019est-ce que p\u00e8sent les TPE en France et pourquoi s\u2019int\u00e9resser \u00e0 leur sort\u00a0?<\/h3>\n\n\n\n<p>En 2020, la France compte 3,6 millions de TPE ou microentreprises qui emploient plus de 2,5 millions de salari\u00e9s.<sup data-fn=\"791ec56c-cf8b-474b-9c51-b23c6bc6551a\" class=\"fn\"><a id=\"791ec56c-cf8b-474b-9c51-b23c6bc6551a-link\" href=\"#791ec56c-cf8b-474b-9c51-b23c6bc6551a\">1<\/a><\/sup><\/p>\n\n\n\n<div class=\"wp-block-group is-vertical is-content-justification-center is-layout-flex wp-container-core-group-is-layout-4b2eccd6 wp-block-group-is-layout-flex\">\n<h6 class=\"wp-block-heading has-text-align-center has-text-color has-link-color wp-elements-9e03b4976077feae4abfe33eaa21d267\" style=\"color:#2e7386\">Caract\u00e9ristiques des TPE en 2020<\/h6>\n\n\n\n<iframe width=\"661\" height=\"371\" frameborder=\"0\" scrolling=\"yes\" src=\"https:\/\/docs.google.com\/spreadsheets\/d\/1MmYCq1QIdvKqwK4enHy6eBza1MZnTrPdPgpdaPzP9gw\/pubchart?oid=1894187345&amp;format=interactive\"><\/iframe>\n\n\n\n<p class=\"has-text-align-center has-small-font-size\"><em>Source :  INSEE, 2022.<\/em><\/p>\n<\/div>\n\n\n\n<p>Ces microentreprises comptaient en 2015<sup data-fn=\"8271b617-1963-4a9b-96e6-56ff0d9c2b10\" class=\"fn\"><a href=\"#8271b617-1963-4a9b-96e6-56ff0d9c2b10\" id=\"8271b617-1963-4a9b-96e6-56ff0d9c2b10-link\">2<\/a><\/sup> pour 19 % de l\u2019emploi en \u00e9quivalent taux plein et 3 % du chiffre d\u2019affaires \u00e0 l\u2019export de l\u2019ensemble des entreprises en France, et jusqu\u2019\u00e0 20 % de la valeur ajout\u00e9e produite.<\/p>\n\n\n\n<div class=\"wp-block-group is-vertical is-content-justification-center is-layout-flex wp-container-core-group-is-layout-4b2eccd6 wp-block-group-is-layout-flex\">\n<h6 class=\"wp-block-heading has-text-align-center has-text-color has-link-color wp-elements-d8d35e6c1f346bce0b4f4ecdccccdbcc\" style=\"color:#2e7386\">Caract\u00e9ristiques des TPE sur l\u2019ensemble des entreprises en 2015<\/h6>\n\n\n\n<div class=\"wp-block-group is-nowrap is-layout-flex wp-container-core-group-is-layout-ad2f72ca wp-block-group-is-layout-flex\">\n<iframe width=\"300\" height=\"371\" frameborder=\"0\" scrolling=\"yes\" src=\"https:\/\/docs.google.com\/spreadsheets\/d\/1MmYCq1QIdvKqwK4enHy6eBza1MZnTrPdPgpdaPzP9gw\/pubchart?oid=243636815&amp;format=interactive\"><\/iframe>\n\n\n\n<iframe width=\"300\" height=\"371\" frameborder=\"0\" scrolling=\"yes\" src=\"https:\/\/docs.google.com\/spreadsheets\/d\/1MmYCq1QIdvKqwK4enHy6eBza1MZnTrPdPgpdaPzP9gw\/pubchart?oid=2004389703&amp;format=interactive\"><\/iframe>\n<\/div>\n\n\n\n<div class=\"wp-block-group is-nowrap is-layout-flex wp-container-core-group-is-layout-ad2f72ca wp-block-group-is-layout-flex\">\n<iframe width=\"300\" height=\"371\" frameborder=\"0\" scrolling=\"yes\" src=\"https:\/\/docs.google.com\/spreadsheets\/d\/1MmYCq1QIdvKqwK4enHy6eBza1MZnTrPdPgpdaPzP9gw\/pubchart?oid=339214274&amp;format=interactive\"><\/iframe>\n\n\n\n<iframe width=\"300\" height=\"371\" frameborder=\"0\" scrolling=\"yes\" src=\"https:\/\/docs.google.com\/spreadsheets\/d\/1MmYCq1QIdvKqwK4enHy6eBza1MZnTrPdPgpdaPzP9gw\/pubchart?oid=1883475809&amp;format=interactive\"><\/iframe>\n<\/div>\n\n\n\n<p class=\"has-text-align-center has-small-font-size\"><em>Source :  INSEE, 2022.<\/em><\/p>\n<\/div>\n\n\n\n<h3 class=\"wp-block-heading has-text-color has-link-color wp-elements-3d3fa077d75c72abb6853a3ac6ee5d3b\" style=\"color:#419c75\">Des dirigeants de TPE en regain de confiance, notamment pour l\u2019avenir de leur entreprise<\/h3>\n\n\n\n<p>Malgr\u00e9 un contexte difficile, autour notamment des finances publiques, les dirigeants de TPE sont majoritairement confiants quant \u00e0 la situation \u00e9conomique de la France (49%), en progression de 25 points par rapport \u00e0 2020<sup data-fn=\"4f750cdc-6b8b-4ee2-ab73-db71e8f1eeeb\" class=\"fn\"><a id=\"4f750cdc-6b8b-4ee2-ab73-db71e8f1eeeb-link\" href=\"#4f750cdc-6b8b-4ee2-ab73-db71e8f1eeeb\">3<\/a><\/sup>. Ce chiffre ne doit toutefois pas faire oublier la part non n\u00e9gligeable d\u2019entrepreneurs (44 %) qui se disent inquiets face \u00e0 cette situation, notamment ceux qui sont d\u00e9j\u00e0 en difficult\u00e9s de tr\u00e9sorerie (69 %) ou en retards de paiement subis (65 %).<\/p>\n\n\n\n<div class=\"wp-block-group is-vertical is-content-justification-center is-layout-flex wp-container-core-group-is-layout-4b2eccd6 wp-block-group-is-layout-flex\">\n<h6 class=\"wp-block-heading has-text-align-center has-text-color has-link-color wp-elements-3d786ee9d07cfad4e8c10e19b6459809\" style=\"color:#2e7386\">Confiance des dirigeants de TPE dans la situation \u00e9conomique de la France<\/h6>\n\n\n\n<iframe width=\"661\" height=\"373\" frameborder=\"0\" scrolling=\"yes\" src=\"https:\/\/docs.google.com\/spreadsheets\/d\/1MmYCq1QIdvKqwK4enHy6eBza1MZnTrPdPgpdaPzP9gw\/pubchart?oid=126115132&amp;format=interactive\"><\/iframe>\n\n\n\n<p class=\"has-text-align-center has-small-font-size\"><em>Source :  Sondage BVA pour American Express r\u00e9alis\u00e9 du 23 avril au 13 mai 2024 aupr\u00e8s d&#8217;un \u00e9chantillon<\/em><br><em>repr\u00e9sentatif de 501 dirigeants de TPE (entreprises de 0 \u00e0 9 salari\u00e9s).<\/em><\/p>\n<\/div>\n\n\n\n<p>Plus personnellement, deux tiers de ces dirigeants (66 %) se d\u00e9clarent optimistes quant \u00e0 l\u2019avenir de leur secteur d\u2019activit\u00e9 et m\u00eame 72 % quant \u00e0 la performance \u00e9conomique de leur entreprise.<\/p>\n\n\n\n<h3 class=\"wp-block-heading has-text-color has-link-color wp-elements-4e6bf2edca69293dace240ccc0d89c42\" style=\"color:#419c75\">Inquiets pour leur tr\u00e9sorerie, les dirigeants de TPE constatent un alourdissement des charges qui p\u00e8sent sur eux en mati\u00e8re \u00e9nerg\u00e9tique<\/h3>\n\n\n\n<p>Parmi les difficult\u00e9s rencontr\u00e9es par les dirigeants TPE, celles li\u00e9es aux retards de paiement touchent pr\u00e8s d\u2019un quart d\u2019entre eux (23 %) et sur des p\u00e9riodes de plus en plus longues. Ainsi en 2023, ils \u00e9voquaient en moyenne 49 jours de retard contre 53 en moyenne aujourd\u2019hui.\u00a0<\/p>\n\n\n\n<div class=\"wp-block-group is-vertical is-content-justification-center is-layout-flex wp-container-core-group-is-layout-4b2eccd6 wp-block-group-is-layout-flex\">\n<h6 class=\"wp-block-heading has-text-align-center has-text-color has-link-color wp-elements-828aeea5f92bbcc643ac91a2eb80a22f\" style=\"color:#2e7386\">\u00c9volution de la moyenne du retard de paiement en jours<\/h6>\n\n\n\n<iframe width=\"661\" height=\"373\" frameborder=\"0\" scrolling=\"yes\" src=\"https:\/\/docs.google.com\/spreadsheets\/d\/1MmYCq1QIdvKqwK4enHy6eBza1MZnTrPdPgpdaPzP9gw\/pubchart?oid=608831865&amp;format=interactive\"><\/iframe>\n\n\n\n<p class=\"has-text-align-center has-small-font-size\"><em>Source :  Sondage BVA pour American Express r\u00e9alis\u00e9 du 23 avril au 13 mai 2024 aupr\u00e8s d&#8217;un \u00e9chantillon<\/em><br><em>repr\u00e9sentatif de 501 dirigeants de TPE (entreprises de 0 \u00e0 9 salari\u00e9s).<\/em><\/p>\n<\/div>\n\n\n\n<p>La gestion de la tr\u00e9sorerie est en 2024 la priorit\u00e9 exprim\u00e9e par les dirigeants des TPE\u00a0: 40 % des d\u2019entre eux la citent parmi leurs priorit\u00e9s \u00e0 court terme (+12 pts en un an), devant le besoin de trouver de nouveaux clients (37 % ; +3pts) et la maximisation des b\u00e9n\u00e9fices (30 % ; +14pts).<\/p>\n\n\n\n<div class=\"wp-block-group is-vertical is-content-justification-center is-layout-flex wp-container-core-group-is-layout-4b2eccd6 wp-block-group-is-layout-flex\">\n<h6 class=\"wp-block-heading has-text-align-center has-text-color has-link-color wp-elements-d760e9237655cae2d8bb074964129669\" style=\"color:#2e7386\">Priorit\u00e9s \u00e0 court terme des dirigeants de TPE<\/h6>\n\n\n\n<iframe width=\"661\" height=\"558\" frameborder=\"0\" scrolling=\"yes\" src=\"https:\/\/docs.google.com\/spreadsheets\/d\/1MmYCq1QIdvKqwK4enHy6eBza1MZnTrPdPgpdaPzP9gw\/pubchart?oid=1701054370&amp;format=interactive\"><\/iframe>\n\n\n\n<p class=\"has-text-align-center has-small-font-size\"><em>Source :  Sondage BVA pour American Express r\u00e9alis\u00e9 du 23 avril au 13 mai 2024 aupr\u00e8s d&#8217;un \u00e9chantillon<\/em><br><em>repr\u00e9sentatif de 501 dirigeants de TPE (entreprises de 0 \u00e0 9 salari\u00e9s).<\/em><\/p>\n<\/div>\n\n\n\n<p>D\u2019ailleurs, si la plupart des dirigeants de TPE ne constatent aucune \u00e9volution de leur tr\u00e9sorerie en 2023, ils sont 21 % \u00e0 constater qu\u2019elle s\u2019est d\u00e9t\u00e9rior\u00e9e contre 12 % qu\u2019elle s\u2019est am\u00e9lior\u00e9e.<\/p>\n\n\n\n<div class=\"wp-block-group is-vertical is-content-justification-center is-layout-flex wp-container-core-group-is-layout-4b2eccd6 wp-block-group-is-layout-flex\">\n<h6 class=\"wp-block-heading has-text-align-center has-text-color has-link-color wp-elements-b6a51ed517574434dd449ec76fbe7a2c\" style=\"color:#2e7386\">Estimation de l\u2019\u00e9tat de la tr\u00e9sorerie<\/h6>\n\n\n\n<iframe width=\"661\" height=\"353\" frameborder=\"0\" scrolling=\"yes\" src=\"https:\/\/docs.google.com\/spreadsheets\/d\/1MmYCq1QIdvKqwK4enHy6eBza1MZnTrPdPgpdaPzP9gw\/pubchart?oid=398745300&amp;format=interactive\"><\/iframe>\n\n\n\n<p class=\"has-text-align-center has-small-font-size\"><em>Source :  Sondage BVA pour American Express r\u00e9alis\u00e9 du 23 avril au 13 mai 2024 aupr\u00e8s d&#8217;un \u00e9chantillon<\/em><br><em>repr\u00e9sentatif de 501 dirigeants de TPE (entreprises de 0 \u00e0 9 salari\u00e9s).<\/em><\/p>\n<\/div>\n\n\n\n<p>La crise de l\u2019\u00e9nergie et l\u2019aggravation des d\u00e9ficits p\u00e8sent sur les d\u00e9penses sur les TPE. Les 3 principaux postes de d\u00e9penses les plus en hausse par rapport \u00e0 fin 2023 sont l\u2019\u00e9nergie (80 % le reconnaissent), les achats n\u00e9cessaires \u00e0 l\u2019activit\u00e9 (70 % en hausse) et les imp\u00f4ts et les taxes (62% en hausse).<\/p>\n\n\n\n<div class=\"wp-block-group is-vertical is-content-justification-center is-layout-flex wp-container-core-group-is-layout-4b2eccd6 wp-block-group-is-layout-flex\">\n<h6 class=\"wp-block-heading has-text-align-center has-text-color has-link-color wp-elements-ae1d2cecab6340f767fdfdaac64e93e7\" style=\"color:#2e7386\">\u00c9volution des postes de d\u00e9penses<\/h6>\n\n\n\n<iframe width=\"661\" height=\"522\" frameborder=\"0\" scrolling=\"yes\" src=\"https:\/\/docs.google.com\/spreadsheets\/d\/1MmYCq1QIdvKqwK4enHy6eBza1MZnTrPdPgpdaPzP9gw\/pubchart?oid=11149761&amp;format=interactive\"><\/iframe>\n\n\n\n<p class=\"has-text-align-center has-small-font-size\"><em>Source :  Sondage BVA pour American Express r\u00e9alis\u00e9 du 23 avril au 13 mai 2024 aupr\u00e8s d&#8217;un \u00e9chantillon<\/em><br><em>repr\u00e9sentatif de 501 dirigeants de TPE (entreprises de 0 \u00e0 9 salari\u00e9s).<\/em><\/p>\n<\/div>\n\n\n\n<p>Ainsi, si le principal poste de d\u00e9penses pour 2024 reste les achats n\u00e9cessaires \u00e0 l\u2019activit\u00e9 (50 % de citations), les imp\u00f4ts et les taxes atteignent le m\u00eame niveau (49 %), en progressant de 4 points par rapport \u00e0 2022, tout comme le co\u00fbt de l\u2019\u00e9nergie (47 %, +5 points).<\/p>\n\n\n\n<div class=\"wp-block-group is-vertical is-content-justification-center is-layout-flex wp-container-core-group-is-layout-4b2eccd6 wp-block-group-is-layout-flex\">\n<h6 class=\"wp-block-heading has-text-align-center has-text-color has-link-color wp-elements-906fe9d336e6cad80afe00ca6ec53a8f\" style=\"color:#2e7386\">Principaux postes de d\u00e9penses pour 2024<\/h6>\n\n\n\n<iframe width=\"661\" height=\"574\" frameborder=\"0\" scrolling=\"yes\" src=\"https:\/\/docs.google.com\/spreadsheets\/d\/1MmYCq1QIdvKqwK4enHy6eBza1MZnTrPdPgpdaPzP9gw\/pubchart?oid=705294990&amp;format=interactive\"><\/iframe>\n\n\n\n<p class=\"has-text-align-center has-small-font-size\"><em>Source :  Sondage BVA pour American Express r\u00e9alis\u00e9 du 23 avril au 13 mai 2024 aupr\u00e8s d&#8217;un \u00e9chantillon<\/em><br><em>repr\u00e9sentatif de 501 dirigeants de TPE (entreprises de 0 \u00e0 9 salari\u00e9s).<\/em><\/p>\n<\/div>\n\n\n\n<h3 class=\"wp-block-heading has-text-color has-link-color wp-elements-b67ec841bd11e14db32aa0a2067103f2\" style=\"color:#419c75\">Notes et R\u00e9f\u00e9rences<\/h3>\n\n\n<ol class=\"wp-block-footnotes\"><li id=\"791ec56c-cf8b-474b-9c51-b23c6bc6551a\">Statistiques sur les PME de 2020 &#8211; <a href=\"https:\/\/www.insee.fr\/fr\/statistiques\/6666959?sommaire=6667157\">https:\/\/www.insee.fr\/fr\/statistiques\/6666959?sommaire=6667157<\/a> <a href=\"#791ec56c-cf8b-474b-9c51-b23c6bc6551a-link\" aria-label=\"Aller \u00e0 la note de bas de page 1\">\u21a9\ufe0e<\/a><\/li><li id=\"8271b617-1963-4a9b-96e6-56ff0d9c2b10\">Statistiques sur les PME en 2015 &#8211; <a href=\"https:\/\/www.insee.fr\/fr\/statistiques\/3303564?sommaire=3353488\">https:\/\/www.insee.fr\/fr\/statistiques\/3303564?sommaire=3353488<\/a> <a href=\"#8271b617-1963-4a9b-96e6-56ff0d9c2b10-link\" aria-label=\"Aller \u00e0 la note de bas de page 2\">\u21a9\ufe0e<\/a><\/li><li id=\"4f750cdc-6b8b-4ee2-ab73-db71e8f1eeeb\"><a href=\"https:\/\/www.bva-xsight.com\/sondages\/cinquieme-edition-de-lobservatoire-tpe-bva-xsight-american-express\/\">https:\/\/www.bva-xsight.com\/sondages\/cinquieme-edition-de-lobservatoire-tpe-bva-xsight-american-express\/<\/a> <a href=\"#4f750cdc-6b8b-4ee2-ab73-db71e8f1eeeb-link\" aria-label=\"Aller \u00e0 la note de bas de page 3\">\u21a9\ufe0e<\/a><\/li><\/ol>\n\n\n<p><\/p>\n","protected":false},"excerpt":{"rendered":"<p>Comment g\u00e9rer une petite entreprise en France en 2024\u00a0? Face aux difficult\u00e9s rencontr\u00e9es par l\u2019\u00e9conomie fran\u00e7aise, Hexagone pr\u00e9sente la r\u00e9alit\u00e9 de la vie des TPE (Tr\u00e8s Petites Entreprises), aussi appel\u00e9es microentreprises, notamment avec les donn\u00e9es d\u2019un sondage r\u00e9alis\u00e9 par BVA pour American Express aupr\u00e8s de 501 dirigeants de TPE (entreprises de 0 \u00e0 10 salari\u00e9s) dans le courant du mois de mai 2024.<\/p>\n","protected":false},"author":1,"featured_media":1124,"comment_status":"closed","ping_status":"open","sticky":false,"template":"","format":"standard","meta":{"footnotes":"[{\"content\":\"Statistiques sur les PME de 2020 - <a href=\\\"https:\/\/www.insee.fr\/fr\/statistiques\/6666959?sommaire=6667157\\\">https:\/\/www.insee.fr\/fr\/statistiques\/6666959?sommaire=6667157<\/a>\",\"id\":\"791ec56c-cf8b-474b-9c51-b23c6bc6551a\"},{\"content\":\"Statistiques sur les PME en 2015 - <a href=\\\"https:\/\/www.insee.fr\/fr\/statistiques\/3303564?sommaire=3353488\\\">https:\/\/www.insee.fr\/fr\/statistiques\/3303564?sommaire=3353488<\/a>\",\"id\":\"8271b617-1963-4a9b-96e6-56ff0d9c2b10\"},{\"content\":\"<a href=\\\"https:\/\/www.bva-xsight.com\/sondages\/cinquieme-edition-de-lobservatoire-tpe-bva-xsight-american-express\/\\\">https:\/\/www.bva-xsight.com\/sondages\/cinquieme-edition-de-lobservatoire-tpe-bva-xsight-american-express\/<\/a>\",\"id\":\"4f750cdc-6b8b-4ee2-ab73-db71e8f1eeeb\"}]"},"categories":[5],"tags":[49],"class_list":["post-6691","post","type-post","status-publish","format-standard","has-post-thumbnail","hentry","category-economie","tag-post"],"yoast_head":"<!-- This site is optimized with the Yoast SEO plugin v27.3 - https:\/\/yoast.com\/product\/yoast-seo-wordpress\/ -->\n<title>L&#039;\u00e9tat d&#039;esprit des TPE dans la France de 2024 - Hexagone | La France en chiffres<\/title>\n<meta name=\"description\" content=\"Comment g\u00e9rer une petite entreprise en France en 2024\u00a0? Face aux difficult\u00e9s rencontr\u00e9es par l\u2019\u00e9conomie fran\u00e7aise, Hexagone pr\u00e9sente la r\u00e9alit\u00e9 de la vie des TPE (Tr\u00e8s Petites Entreprises), aussi appel\u00e9es microentreprises, notamment avec les donn\u00e9es d\u2019un sondage r\u00e9alis\u00e9 par BVA pour American Express aupr\u00e8s de 501 dirigeants de TPE (entreprises de 0 \u00e0 10 salari\u00e9s) dans le courant du mois de mai 2024.\" \/>\n<meta name=\"robots\" content=\"index, follow, max-snippet:-1, max-image-preview:large, max-video-preview:-1\" \/>\n<link rel=\"canonical\" href=\"https:\/\/observatoire-hexagone.org\/index.php\/2024\/09\/20\/etat-d-esprit-des-tpe-en-2024\/\" \/>\n<meta property=\"og:locale\" content=\"fr_FR\" \/>\n<meta property=\"og:type\" content=\"article\" \/>\n<meta property=\"og:title\" content=\"L&#039;\u00e9tat d&#039;esprit des TPE dans la France de 2024 - Hexagone | La France en chiffres\" \/>\n<meta property=\"og:description\" content=\"Comment g\u00e9rer une petite entreprise en France en 2024\u00a0? Face aux difficult\u00e9s rencontr\u00e9es par l\u2019\u00e9conomie fran\u00e7aise, Hexagone pr\u00e9sente la r\u00e9alit\u00e9 de la vie des TPE (Tr\u00e8s Petites Entreprises), aussi appel\u00e9es microentreprises, notamment avec les donn\u00e9es d\u2019un sondage r\u00e9alis\u00e9 par BVA pour American Express aupr\u00e8s de 501 dirigeants de TPE (entreprises de 0 \u00e0 10 salari\u00e9s) dans le courant du mois de mai 2024.\" \/>\n<meta property=\"og:url\" content=\"https:\/\/observatoire-hexagone.org\/index.php\/2024\/09\/20\/etat-d-esprit-des-tpe-en-2024\/\" \/>\n<meta property=\"og:site_name\" content=\"Hexagone | La France en chiffres\" \/>\n<meta property=\"article:publisher\" content=\"https:\/\/www.facebook.com\/profile.php?id=61562511315709\" \/>\n<meta property=\"article:published_time\" content=\"2024-09-20T09:46:38+00:00\" \/>\n<meta property=\"article:modified_time\" content=\"2024-12-02T09:13:15+00:00\" \/>\n<meta property=\"og:image\" content=\"https:\/\/observatoire-hexagone.org\/wp-content\/uploads\/2024\/07\/business-people-analyzing-statistics-business-docu-2023-11-27-04-58-09-utc-scaled.jpg\" \/>\n\t<meta property=\"og:image:width\" content=\"2560\" \/>\n\t<meta property=\"og:image:height\" content=\"1707\" \/>\n\t<meta property=\"og:image:type\" content=\"image\/jpeg\" \/>\n<meta name=\"author\" content=\"4463admin\" \/>\n<meta name=\"twitter:card\" content=\"summary_large_image\" \/>\n<meta name=\"twitter:creator\" content=\"@Hexagone_org\" \/>\n<meta name=\"twitter:site\" content=\"@Hexagone_org\" \/>\n<meta name=\"twitter:label1\" content=\"\u00c9crit par\" \/>\n\t<meta name=\"twitter:data1\" content=\"4463admin\" \/>\n\t<meta name=\"twitter:label2\" content=\"Dur\u00e9e de lecture estim\u00e9e\" \/>\n\t<meta name=\"twitter:data2\" content=\"4 minutes\" \/>\n<script type=\"application\/ld+json\" class=\"yoast-schema-graph\">{\"@context\":\"https:\\\/\\\/schema.org\",\"@graph\":[{\"@type\":\"Article\",\"@id\":\"https:\\\/\\\/observatoire-hexagone.org\\\/index.php\\\/2024\\\/09\\\/20\\\/etat-d-esprit-des-tpe-en-2024\\\/#article\",\"isPartOf\":{\"@id\":\"https:\\\/\\\/observatoire-hexagone.org\\\/index.php\\\/2024\\\/09\\\/20\\\/etat-d-esprit-des-tpe-en-2024\\\/\"},\"author\":{\"name\":\"4463admin\",\"@id\":\"https:\\\/\\\/observatoire-hexagone.org\\\/#\\\/schema\\\/person\\\/f51e09c72145bd9c2aa1c8fc5f1a7b55\"},\"headline\":\"L&#8217;\u00e9tat d&#8217;esprit des TPE dans la France de 2024\",\"datePublished\":\"2024-09-20T09:46:38+00:00\",\"dateModified\":\"2024-12-02T09:13:15+00:00\",\"mainEntityOfPage\":{\"@id\":\"https:\\\/\\\/observatoire-hexagone.org\\\/index.php\\\/2024\\\/09\\\/20\\\/etat-d-esprit-des-tpe-en-2024\\\/\"},\"wordCount\":679,\"publisher\":{\"@id\":\"https:\\\/\\\/observatoire-hexagone.org\\\/#organization\"},\"image\":{\"@id\":\"https:\\\/\\\/observatoire-hexagone.org\\\/index.php\\\/2024\\\/09\\\/20\\\/etat-d-esprit-des-tpe-en-2024\\\/#primaryimage\"},\"thumbnailUrl\":\"https:\\\/\\\/observatoire-hexagone.org\\\/wp-content\\\/uploads\\\/2024\\\/07\\\/business-people-analyzing-statistics-business-docu-2023-11-27-04-58-09-utc-scaled.jpg\",\"keywords\":[\"#post\"],\"articleSection\":[\"\u00c9conomie\"],\"inLanguage\":\"fr-FR\"},{\"@type\":\"WebPage\",\"@id\":\"https:\\\/\\\/observatoire-hexagone.org\\\/index.php\\\/2024\\\/09\\\/20\\\/etat-d-esprit-des-tpe-en-2024\\\/\",\"url\":\"https:\\\/\\\/observatoire-hexagone.org\\\/index.php\\\/2024\\\/09\\\/20\\\/etat-d-esprit-des-tpe-en-2024\\\/\",\"name\":\"L'\u00e9tat d'esprit des TPE dans la France de 2024 - Hexagone | La France en chiffres\",\"isPartOf\":{\"@id\":\"https:\\\/\\\/observatoire-hexagone.org\\\/#website\"},\"primaryImageOfPage\":{\"@id\":\"https:\\\/\\\/observatoire-hexagone.org\\\/index.php\\\/2024\\\/09\\\/20\\\/etat-d-esprit-des-tpe-en-2024\\\/#primaryimage\"},\"image\":{\"@id\":\"https:\\\/\\\/observatoire-hexagone.org\\\/index.php\\\/2024\\\/09\\\/20\\\/etat-d-esprit-des-tpe-en-2024\\\/#primaryimage\"},\"thumbnailUrl\":\"https:\\\/\\\/observatoire-hexagone.org\\\/wp-content\\\/uploads\\\/2024\\\/07\\\/business-people-analyzing-statistics-business-docu-2023-11-27-04-58-09-utc-scaled.jpg\",\"datePublished\":\"2024-09-20T09:46:38+00:00\",\"dateModified\":\"2024-12-02T09:13:15+00:00\",\"description\":\"Comment g\u00e9rer une petite entreprise en France en 2024\u00a0? Face aux difficult\u00e9s rencontr\u00e9es par l\u2019\u00e9conomie fran\u00e7aise, Hexagone pr\u00e9sente la r\u00e9alit\u00e9 de la vie des TPE (Tr\u00e8s Petites Entreprises), aussi appel\u00e9es microentreprises, notamment avec les donn\u00e9es d\u2019un sondage r\u00e9alis\u00e9 par BVA pour American Express aupr\u00e8s de 501 dirigeants de TPE (entreprises de 0 \u00e0 10 salari\u00e9s) dans le courant du mois de mai 2024.\",\"breadcrumb\":{\"@id\":\"https:\\\/\\\/observatoire-hexagone.org\\\/index.php\\\/2024\\\/09\\\/20\\\/etat-d-esprit-des-tpe-en-2024\\\/#breadcrumb\"},\"inLanguage\":\"fr-FR\",\"potentialAction\":[{\"@type\":\"ReadAction\",\"target\":[\"https:\\\/\\\/observatoire-hexagone.org\\\/index.php\\\/2024\\\/09\\\/20\\\/etat-d-esprit-des-tpe-en-2024\\\/\"]}]},{\"@type\":\"ImageObject\",\"inLanguage\":\"fr-FR\",\"@id\":\"https:\\\/\\\/observatoire-hexagone.org\\\/index.php\\\/2024\\\/09\\\/20\\\/etat-d-esprit-des-tpe-en-2024\\\/#primaryimage\",\"url\":\"https:\\\/\\\/observatoire-hexagone.org\\\/wp-content\\\/uploads\\\/2024\\\/07\\\/business-people-analyzing-statistics-business-docu-2023-11-27-04-58-09-utc-scaled.jpg\",\"contentUrl\":\"https:\\\/\\\/observatoire-hexagone.org\\\/wp-content\\\/uploads\\\/2024\\\/07\\\/business-people-analyzing-statistics-business-docu-2023-11-27-04-58-09-utc-scaled.jpg\",\"width\":2560,\"height\":1707,\"caption\":\"Business People Analyzing Statistics Business Documents, Financial Concept.\"},{\"@type\":\"BreadcrumbList\",\"@id\":\"https:\\\/\\\/observatoire-hexagone.org\\\/index.php\\\/2024\\\/09\\\/20\\\/etat-d-esprit-des-tpe-en-2024\\\/#breadcrumb\",\"itemListElement\":[{\"@type\":\"ListItem\",\"position\":1,\"name\":\"Accueil\",\"item\":\"https:\\\/\\\/observatoire-hexagone.org\\\/\"},{\"@type\":\"ListItem\",\"position\":2,\"name\":\"L&rsquo;\u00e9tat d&rsquo;esprit des TPE dans la France de 2024\"}]},{\"@type\":\"WebSite\",\"@id\":\"https:\\\/\\\/observatoire-hexagone.org\\\/#website\",\"url\":\"https:\\\/\\\/observatoire-hexagone.org\\\/\",\"name\":\"Hexagone | La France en chiffres\",\"description\":\"\",\"publisher\":{\"@id\":\"https:\\\/\\\/observatoire-hexagone.org\\\/#organization\"},\"potentialAction\":[{\"@type\":\"SearchAction\",\"target\":{\"@type\":\"EntryPoint\",\"urlTemplate\":\"https:\\\/\\\/observatoire-hexagone.org\\\/?s={search_term_string}\"},\"query-input\":{\"@type\":\"PropertyValueSpecification\",\"valueRequired\":true,\"valueName\":\"search_term_string\"}}],\"inLanguage\":\"fr-FR\"},{\"@type\":\"Organization\",\"@id\":\"https:\\\/\\\/observatoire-hexagone.org\\\/#organization\",\"name\":\"Hexagone | La France en chiffres\",\"url\":\"https:\\\/\\\/observatoire-hexagone.org\\\/\",\"logo\":{\"@type\":\"ImageObject\",\"inLanguage\":\"fr-FR\",\"@id\":\"https:\\\/\\\/observatoire-hexagone.org\\\/#\\\/schema\\\/logo\\\/image\\\/\",\"url\":\"https:\\\/\\\/observatoire-hexagone.org\\\/wp-content\\\/uploads\\\/2024\\\/06\\\/Horizontal_Principal-e1718962711881.png\",\"contentUrl\":\"https:\\\/\\\/observatoire-hexagone.org\\\/wp-content\\\/uploads\\\/2024\\\/06\\\/Horizontal_Principal-e1718962711881.png\",\"width\":1894,\"height\":511,\"caption\":\"Hexagone | La France en chiffres\"},\"image\":{\"@id\":\"https:\\\/\\\/observatoire-hexagone.org\\\/#\\\/schema\\\/logo\\\/image\\\/\"},\"sameAs\":[\"https:\\\/\\\/www.facebook.com\\\/profile.php?id=61562511315709\",\"https:\\\/\\\/x.com\\\/Hexagone_org\",\"https:\\\/\\\/www.linkedin.com\\\/company\\\/observatoire-hexagone\\\/\"]},{\"@type\":\"Person\",\"@id\":\"https:\\\/\\\/observatoire-hexagone.org\\\/#\\\/schema\\\/person\\\/f51e09c72145bd9c2aa1c8fc5f1a7b55\",\"name\":\"4463admin\",\"image\":{\"@type\":\"ImageObject\",\"inLanguage\":\"fr-FR\",\"@id\":\"https:\\\/\\\/secure.gravatar.com\\\/avatar\\\/a1c2c9813cd4e492522eaff3207985bd3f2739b05167469a9c4c9ebba4e0677d?s=96&d=mm&r=g\",\"url\":\"https:\\\/\\\/secure.gravatar.com\\\/avatar\\\/a1c2c9813cd4e492522eaff3207985bd3f2739b05167469a9c4c9ebba4e0677d?s=96&d=mm&r=g\",\"contentUrl\":\"https:\\\/\\\/secure.gravatar.com\\\/avatar\\\/a1c2c9813cd4e492522eaff3207985bd3f2739b05167469a9c4c9ebba4e0677d?s=96&d=mm&r=g\",\"caption\":\"4463admin\"},\"sameAs\":[\"http:\\\/\\\/observatoire-hexagone.org\"],\"url\":\"https:\\\/\\\/observatoire-hexagone.org\\\/index.php\\\/author\\\/admin4463\\\/\"}]}<\/script>\n<!-- \/ Yoast SEO plugin. -->","yoast_head_json":{"title":"L'\u00e9tat d'esprit des TPE dans la France de 2024 - Hexagone | La France en chiffres","description":"Comment g\u00e9rer une petite entreprise en France en 2024\u00a0? Face aux difficult\u00e9s rencontr\u00e9es par l\u2019\u00e9conomie fran\u00e7aise, Hexagone pr\u00e9sente la r\u00e9alit\u00e9 de la vie des TPE (Tr\u00e8s Petites Entreprises), aussi appel\u00e9es microentreprises, notamment avec les donn\u00e9es d\u2019un sondage r\u00e9alis\u00e9 par BVA pour American Express aupr\u00e8s de 501 dirigeants de TPE (entreprises de 0 \u00e0 10 salari\u00e9s) dans le courant du mois de mai 2024.","robots":{"index":"index","follow":"follow","max-snippet":"max-snippet:-1","max-image-preview":"max-image-preview:large","max-video-preview":"max-video-preview:-1"},"canonical":"https:\/\/observatoire-hexagone.org\/index.php\/2024\/09\/20\/etat-d-esprit-des-tpe-en-2024\/","og_locale":"fr_FR","og_type":"article","og_title":"L'\u00e9tat d'esprit des TPE dans la France de 2024 - Hexagone | La France en chiffres","og_description":"Comment g\u00e9rer une petite entreprise en France en 2024\u00a0? Face aux difficult\u00e9s rencontr\u00e9es par l\u2019\u00e9conomie fran\u00e7aise, Hexagone pr\u00e9sente la r\u00e9alit\u00e9 de la vie des TPE (Tr\u00e8s Petites Entreprises), aussi appel\u00e9es microentreprises, notamment avec les donn\u00e9es d\u2019un sondage r\u00e9alis\u00e9 par BVA pour American Express aupr\u00e8s de 501 dirigeants de TPE (entreprises de 0 \u00e0 10 salari\u00e9s) dans le courant du mois de mai 2024.","og_url":"https:\/\/observatoire-hexagone.org\/index.php\/2024\/09\/20\/etat-d-esprit-des-tpe-en-2024\/","og_site_name":"Hexagone | La France en chiffres","article_publisher":"https:\/\/www.facebook.com\/profile.php?id=61562511315709","article_published_time":"2024-09-20T09:46:38+00:00","article_modified_time":"2024-12-02T09:13:15+00:00","og_image":[{"width":2560,"height":1707,"url":"https:\/\/observatoire-hexagone.org\/wp-content\/uploads\/2024\/07\/business-people-analyzing-statistics-business-docu-2023-11-27-04-58-09-utc-scaled.jpg","type":"image\/jpeg"}],"author":"4463admin","twitter_card":"summary_large_image","twitter_creator":"@Hexagone_org","twitter_site":"@Hexagone_org","twitter_misc":{"\u00c9crit par":"4463admin","Dur\u00e9e de lecture estim\u00e9e":"4 minutes"},"schema":{"@context":"https:\/\/schema.org","@graph":[{"@type":"Article","@id":"https:\/\/observatoire-hexagone.org\/index.php\/2024\/09\/20\/etat-d-esprit-des-tpe-en-2024\/#article","isPartOf":{"@id":"https:\/\/observatoire-hexagone.org\/index.php\/2024\/09\/20\/etat-d-esprit-des-tpe-en-2024\/"},"author":{"name":"4463admin","@id":"https:\/\/observatoire-hexagone.org\/#\/schema\/person\/f51e09c72145bd9c2aa1c8fc5f1a7b55"},"headline":"L&#8217;\u00e9tat d&#8217;esprit des TPE dans la France de 2024","datePublished":"2024-09-20T09:46:38+00:00","dateModified":"2024-12-02T09:13:15+00:00","mainEntityOfPage":{"@id":"https:\/\/observatoire-hexagone.org\/index.php\/2024\/09\/20\/etat-d-esprit-des-tpe-en-2024\/"},"wordCount":679,"publisher":{"@id":"https:\/\/observatoire-hexagone.org\/#organization"},"image":{"@id":"https:\/\/observatoire-hexagone.org\/index.php\/2024\/09\/20\/etat-d-esprit-des-tpe-en-2024\/#primaryimage"},"thumbnailUrl":"https:\/\/observatoire-hexagone.org\/wp-content\/uploads\/2024\/07\/business-people-analyzing-statistics-business-docu-2023-11-27-04-58-09-utc-scaled.jpg","keywords":["#post"],"articleSection":["\u00c9conomie"],"inLanguage":"fr-FR"},{"@type":"WebPage","@id":"https:\/\/observatoire-hexagone.org\/index.php\/2024\/09\/20\/etat-d-esprit-des-tpe-en-2024\/","url":"https:\/\/observatoire-hexagone.org\/index.php\/2024\/09\/20\/etat-d-esprit-des-tpe-en-2024\/","name":"L'\u00e9tat d'esprit des TPE dans la France de 2024 - Hexagone | La France en chiffres","isPartOf":{"@id":"https:\/\/observatoire-hexagone.org\/#website"},"primaryImageOfPage":{"@id":"https:\/\/observatoire-hexagone.org\/index.php\/2024\/09\/20\/etat-d-esprit-des-tpe-en-2024\/#primaryimage"},"image":{"@id":"https:\/\/observatoire-hexagone.org\/index.php\/2024\/09\/20\/etat-d-esprit-des-tpe-en-2024\/#primaryimage"},"thumbnailUrl":"https:\/\/observatoire-hexagone.org\/wp-content\/uploads\/2024\/07\/business-people-analyzing-statistics-business-docu-2023-11-27-04-58-09-utc-scaled.jpg","datePublished":"2024-09-20T09:46:38+00:00","dateModified":"2024-12-02T09:13:15+00:00","description":"Comment g\u00e9rer une petite entreprise en France en 2024\u00a0? Face aux difficult\u00e9s rencontr\u00e9es par l\u2019\u00e9conomie fran\u00e7aise, Hexagone pr\u00e9sente la r\u00e9alit\u00e9 de la vie des TPE (Tr\u00e8s Petites Entreprises), aussi appel\u00e9es microentreprises, notamment avec les donn\u00e9es d\u2019un sondage r\u00e9alis\u00e9 par BVA pour American Express aupr\u00e8s de 501 dirigeants de TPE (entreprises de 0 \u00e0 10 salari\u00e9s) dans le courant du mois de mai 2024.","breadcrumb":{"@id":"https:\/\/observatoire-hexagone.org\/index.php\/2024\/09\/20\/etat-d-esprit-des-tpe-en-2024\/#breadcrumb"},"inLanguage":"fr-FR","potentialAction":[{"@type":"ReadAction","target":["https:\/\/observatoire-hexagone.org\/index.php\/2024\/09\/20\/etat-d-esprit-des-tpe-en-2024\/"]}]},{"@type":"ImageObject","inLanguage":"fr-FR","@id":"https:\/\/observatoire-hexagone.org\/index.php\/2024\/09\/20\/etat-d-esprit-des-tpe-en-2024\/#primaryimage","url":"https:\/\/observatoire-hexagone.org\/wp-content\/uploads\/2024\/07\/business-people-analyzing-statistics-business-docu-2023-11-27-04-58-09-utc-scaled.jpg","contentUrl":"https:\/\/observatoire-hexagone.org\/wp-content\/uploads\/2024\/07\/business-people-analyzing-statistics-business-docu-2023-11-27-04-58-09-utc-scaled.jpg","width":2560,"height":1707,"caption":"Business People Analyzing Statistics Business Documents, Financial Concept."},{"@type":"BreadcrumbList","@id":"https:\/\/observatoire-hexagone.org\/index.php\/2024\/09\/20\/etat-d-esprit-des-tpe-en-2024\/#breadcrumb","itemListElement":[{"@type":"ListItem","position":1,"name":"Accueil","item":"https:\/\/observatoire-hexagone.org\/"},{"@type":"ListItem","position":2,"name":"L&rsquo;\u00e9tat d&rsquo;esprit des TPE dans la France de 2024"}]},{"@type":"WebSite","@id":"https:\/\/observatoire-hexagone.org\/#website","url":"https:\/\/observatoire-hexagone.org\/","name":"Hexagone | La France en chiffres","description":"","publisher":{"@id":"https:\/\/observatoire-hexagone.org\/#organization"},"potentialAction":[{"@type":"SearchAction","target":{"@type":"EntryPoint","urlTemplate":"https:\/\/observatoire-hexagone.org\/?s={search_term_string}"},"query-input":{"@type":"PropertyValueSpecification","valueRequired":true,"valueName":"search_term_string"}}],"inLanguage":"fr-FR"},{"@type":"Organization","@id":"https:\/\/observatoire-hexagone.org\/#organization","name":"Hexagone | La France en chiffres","url":"https:\/\/observatoire-hexagone.org\/","logo":{"@type":"ImageObject","inLanguage":"fr-FR","@id":"https:\/\/observatoire-hexagone.org\/#\/schema\/logo\/image\/","url":"https:\/\/observatoire-hexagone.org\/wp-content\/uploads\/2024\/06\/Horizontal_Principal-e1718962711881.png","contentUrl":"https:\/\/observatoire-hexagone.org\/wp-content\/uploads\/2024\/06\/Horizontal_Principal-e1718962711881.png","width":1894,"height":511,"caption":"Hexagone | La France en chiffres"},"image":{"@id":"https:\/\/observatoire-hexagone.org\/#\/schema\/logo\/image\/"},"sameAs":["https:\/\/www.facebook.com\/profile.php?id=61562511315709","https:\/\/x.com\/Hexagone_org","https:\/\/www.linkedin.com\/company\/observatoire-hexagone\/"]},{"@type":"Person","@id":"https:\/\/observatoire-hexagone.org\/#\/schema\/person\/f51e09c72145bd9c2aa1c8fc5f1a7b55","name":"4463admin","image":{"@type":"ImageObject","inLanguage":"fr-FR","@id":"https:\/\/secure.gravatar.com\/avatar\/a1c2c9813cd4e492522eaff3207985bd3f2739b05167469a9c4c9ebba4e0677d?s=96&d=mm&r=g","url":"https:\/\/secure.gravatar.com\/avatar\/a1c2c9813cd4e492522eaff3207985bd3f2739b05167469a9c4c9ebba4e0677d?s=96&d=mm&r=g","contentUrl":"https:\/\/secure.gravatar.com\/avatar\/a1c2c9813cd4e492522eaff3207985bd3f2739b05167469a9c4c9ebba4e0677d?s=96&d=mm&r=g","caption":"4463admin"},"sameAs":["http:\/\/observatoire-hexagone.org"],"url":"https:\/\/observatoire-hexagone.org\/index.php\/author\/admin4463\/"}]}},"_links":{"self":[{"href":"https:\/\/observatoire-hexagone.org\/index.php\/wp-json\/wp\/v2\/posts\/6691","targetHints":{"allow":["GET"]}}],"collection":[{"href":"https:\/\/observatoire-hexagone.org\/index.php\/wp-json\/wp\/v2\/posts"}],"about":[{"href":"https:\/\/observatoire-hexagone.org\/index.php\/wp-json\/wp\/v2\/types\/post"}],"author":[{"embeddable":true,"href":"https:\/\/observatoire-hexagone.org\/index.php\/wp-json\/wp\/v2\/users\/1"}],"replies":[{"embeddable":true,"href":"https:\/\/observatoire-hexagone.org\/index.php\/wp-json\/wp\/v2\/comments?post=6691"}],"version-history":[{"count":5,"href":"https:\/\/observatoire-hexagone.org\/index.php\/wp-json\/wp\/v2\/posts\/6691\/revisions"}],"predecessor-version":[{"id":6705,"href":"https:\/\/observatoire-hexagone.org\/index.php\/wp-json\/wp\/v2\/posts\/6691\/revisions\/6705"}],"wp:featuredmedia":[{"embeddable":true,"href":"https:\/\/observatoire-hexagone.org\/index.php\/wp-json\/wp\/v2\/media\/1124"}],"wp:attachment":[{"href":"https:\/\/observatoire-hexagone.org\/index.php\/wp-json\/wp\/v2\/media?parent=6691"}],"wp:term":[{"taxonomy":"category","embeddable":true,"href":"https:\/\/observatoire-hexagone.org\/index.php\/wp-json\/wp\/v2\/categories?post=6691"},{"taxonomy":"post_tag","embeddable":true,"href":"https:\/\/observatoire-hexagone.org\/index.php\/wp-json\/wp\/v2\/tags?post=6691"}],"curies":[{"name":"wp","href":"https:\/\/api.w.org\/{rel}","templated":true}]}}