{"id":6502,"date":"2024-09-20T11:54:43","date_gmt":"2024-09-20T09:54:43","guid":{"rendered":"https:\/\/observatoire-hexagone.org\/?p=6502"},"modified":"2024-12-02T10:12:38","modified_gmt":"2024-12-02T09:12:38","slug":"etat-des-forces-de-l-ordre-en-france","status":"publish","type":"post","link":"https:\/\/observatoire-hexagone.org\/index.php\/2024\/09\/20\/etat-des-forces-de-l-ordre-en-france\/","title":{"rendered":"Police partout ? : \u00e9tat des forces de l&#8217;ordre en France"},"content":{"rendered":"\n<h3 class=\"wp-block-heading has-text-color has-link-color wp-elements-1f297e7aa3d7052902f14ec42e78ca4d\" style=\"color:#419c75\">Une stagnation en trompe-l\u2019\u0153il du nombre des forces de l\u2019ordre en France gr\u00e2ce au d\u00e9veloppement de la police municipale<\/h3>\n\n\n\n<p>La r\u00e9cente augmentation du nombre de forces de l\u2019ordre ne fait que rattraper le niveau observ\u00e9 en 2007, soit environ 251 700 policiers et gendarmes en France en 2021 contre 251 300 en 2007.<\/p>\n\n\n\n<div class=\"wp-block-group is-vertical is-content-justification-center is-layout-flex wp-container-core-group-is-layout-4b2eccd6 wp-block-group-is-layout-flex\">\n<h6 class=\"wp-block-heading has-text-align-center has-text-color has-link-color wp-elements-2c78c88f2c59d41c9e1752ec7d0d5bfd\" style=\"color:#2e7386\">\u00c9volution de l&#8217;effectif des forces de l&#8217;ordre<\/h6>\n\n\n\n<iframe width=\"661\" height=\"371\" seamless frameborder=\"0\" scrolling=\"no\" src=\"https:\/\/docs.google.com\/spreadsheets\/d\/1bp7rwfdFqkrlm5sT1MU51NLkOU_DsQ6TxnHs6ZrHpW0\/pubchart?oid=2012752587&amp;format=interactive\"><\/iframe>\n\n\n\n<p class=\"has-text-align-center has-small-font-size\"><em>Source :  Minist\u00e8re de l&#8217;Int\u00e9rieur, Assembl\u00e9e nationale, S\u00e9nat, Cour des Comptes.<\/em><\/p>\n<\/div>\n\n\n\n<p>En parall\u00e8le, les communes d\u00e9veloppent elles-m\u00eames des forces de police municipale qui progressent de fa\u00e7on continue ces derni\u00e8res ann\u00e9es, passant de 19 400 policiers municipaux en 2010 \u00e0&nbsp; 25 400 aujourd\u2019hui<\/p>\n\n\n\n<div class=\"wp-block-group is-vertical is-content-justification-center is-layout-flex wp-container-core-group-is-layout-4b2eccd6 wp-block-group-is-layout-flex\">\n<h6 class=\"wp-block-heading has-text-align-center has-text-color has-link-color wp-elements-54c1ad94841abc5b933a4af4596f763f\" style=\"color:#2e7386\">\u00c9volution de l&#8217;effectif de la police municipale<\/h6>\n\n\n\n<iframe width=\"661\" height=\"371\" seamless frameborder=\"0\" scrolling=\"no\" src=\"https:\/\/docs.google.com\/spreadsheets\/d\/1bp7rwfdFqkrlm5sT1MU51NLkOU_DsQ6TxnHs6ZrHpW0\/pubchart?oid=1591996116&amp;format=interactive\"><\/iframe>\n\n\n\n<p class=\"has-text-align-center has-small-font-size\"><em>Source :  Minist\u00e8re de l&#8217;Int\u00e9rieur, Assembl\u00e9e nationale, S\u00e9nat, Cour des Comptes.<\/em><\/p>\n<\/div>\n\n\n\n<p><br>Si bien qu\u2019au total, les forces de s\u00e9curit\u00e9 publique progressent en France depuis pr\u00e8s de 15 ans.<\/p>\n\n\n\n<div class=\"wp-block-group is-vertical is-content-justification-center is-layout-flex wp-container-core-group-is-layout-4b2eccd6 wp-block-group-is-layout-flex\">\n<h6 class=\"wp-block-heading has-text-align-center has-text-color has-link-color wp-elements-af8a8fccecb8059dc27fc9dcaa15413c\" style=\"color:#2e7386\">Effectifs totaux des forces de l&#8217;ordre (police nationale, gendarmerie et police municipale)<\/h6>\n\n\n\n<iframe width=\"661\" height=\"371\" seamless frameborder=\"0\" scrolling=\"no\" src=\"https:\/\/docs.google.com\/spreadsheets\/d\/1bp7rwfdFqkrlm5sT1MU51NLkOU_DsQ6TxnHs6ZrHpW0\/pubchart?oid=1504706576&amp;format=interactive\"><\/iframe>\n\n\n\n<p class=\"has-text-align-center has-small-font-size\"><em>Source :  Minist\u00e8re de l&#8217;Int\u00e9rieur, Assembl\u00e9e nationale, S\u00e9nat, Cour des Comptes.<\/em><\/p>\n\n\n\n<p><\/p>\n<\/div>\n\n\n\n<div class=\"wp-block-group is-vertical is-content-justification-center is-layout-flex wp-container-core-group-is-layout-4b2eccd6 wp-block-group-is-layout-flex\">\n<h6 class=\"wp-block-heading has-text-align-center has-text-color has-link-color wp-elements-fd799f81cb6dd60f8e3bfef7b42229eb\" style=\"color:#2e7386\"><br>R\u00e9partition des forces de l&#8217;ordre par d\u00e9partement<\/h6>\n\n\n\n<iframe width='600' height='600' src='https:\/\/statistiques-locales.insee.fr\/?view=map2&#038;indics=ds_bpe.facilities_a101_a104&#038;serie=2023&#038;lang=fr&#038;iframe=1'><\/iframe>\n\n\n\n<p class=\"has-text-align-center has-small-font-size\"><em>Source :  Insee, Siasp 2019, recensement de la population 2017.<\/em><\/p>\n<\/div>\n\n\n\n<p><br>Avec 359 membres de forces de l\u2019ordre pour 100 000 habitants, la France se place dans la moyenne europ\u00e9enne. Elle se place loin devant les pays du Nord comme la Su\u00e8de (206) ou le Danemark (194) mais loin derri\u00e8re des pays o\u00f9 les forces de l\u2019ordre sont particuli\u00e8rement nombreuses comme en Gr\u00e8ce (526 pour 100 000 habitants), en Croatie (519) ou au Portugal (446).<\/p>\n\n\n\n<div class=\"wp-block-group is-vertical is-content-justification-center is-layout-flex wp-container-core-group-is-layout-4b2eccd6 wp-block-group-is-layout-flex\">\n<h6 class=\"wp-block-heading has-text-align-center has-text-color has-link-color wp-elements-14fca7a10dbc19fe9cde3537c639b2f2\" style=\"color:#2e7386\">Nombre d&#8217;officiers de s\u00e9curit\u00e9 pour 100 000 habitants en Europe<\/h6>\n\n\n\n<iframe width=\"661\" height=\"371\" seamless frameborder=\"0\" scrolling=\"no\" src=\"https:\/\/docs.google.com\/spreadsheets\/d\/1bp7rwfdFqkrlm5sT1MU51NLkOU_DsQ6TxnHs6ZrHpW0\/pubchart?oid=2064281072&amp;format=interactive\"><\/iframe>\n\n\n\n<p class=\"has-text-align-center has-small-font-size\"><em>Source :  Eurostat, 2022.<\/em><\/p>\n\n\n\n<p><\/p>\n<\/div>\n\n\n\n<h3 class=\"wp-block-heading has-text-color has-link-color wp-elements-a6a1e53ae457ef3aeb4fccd9a9492758\" style=\"color:#419c75\">R\u00e9f\u00e9rences<\/h3>\n\n\n\n<p><a href=\"https:\/\/www.budget.gouv.fr\/budget-etat\/mission\">https:\/\/www.budget.gouv.fr\/budget-etat\/mission<\/a><\/p>\n\n\n\n<p><\/p>\n","protected":false},"excerpt":{"rendered":"<p>Hexagone vous propose quelques chiffres sur l\u2019\u00e9tat des forces de l\u2019ordre en France afin de r\u00e9pondre \u00e0 l\u2019une des principales pr\u00e9occupations des Fran\u00e7ais, la s\u00e9curit\u00e9.<\/p>\n","protected":false},"author":1,"featured_media":6688,"comment_status":"closed","ping_status":"open","sticky":false,"template":"","format":"standard","meta":{"footnotes":""},"categories":[7],"tags":[49],"class_list":["post-6502","post","type-post","status-publish","format-standard","has-post-thumbnail","hentry","category-societe-et-environnement","tag-post"],"yoast_head":"<!-- This site is optimized with the Yoast SEO plugin v27.3 - https:\/\/yoast.com\/product\/yoast-seo-wordpress\/ -->\n<title>Police partout ? : \u00e9tat des forces de l&#039;ordre en France - Hexagone | La France en chiffres<\/title>\n<meta name=\"description\" content=\"Hexagone vous propose quelques chiffres sur l\u2019\u00e9tat des forces de l\u2019ordre en France afin de r\u00e9pondre \u00e0 l\u2019une des principales pr\u00e9occupations des Fran\u00e7ais, la s\u00e9curit\u00e9.\" \/>\n<meta name=\"robots\" content=\"index, follow, max-snippet:-1, max-image-preview:large, max-video-preview:-1\" \/>\n<link rel=\"canonical\" href=\"https:\/\/observatoire-hexagone.org\/index.php\/2024\/09\/20\/etat-des-forces-de-l-ordre-en-france\/\" \/>\n<meta property=\"og:locale\" content=\"fr_FR\" \/>\n<meta property=\"og:type\" content=\"article\" \/>\n<meta property=\"og:title\" content=\"Police partout ? : \u00e9tat des forces de l&#039;ordre en France - Hexagone | La France en chiffres\" \/>\n<meta property=\"og:description\" content=\"Hexagone vous propose quelques chiffres sur l\u2019\u00e9tat des forces de l\u2019ordre en France afin de r\u00e9pondre \u00e0 l\u2019une des principales pr\u00e9occupations des Fran\u00e7ais, la s\u00e9curit\u00e9.\" \/>\n<meta property=\"og:url\" content=\"https:\/\/observatoire-hexagone.org\/index.php\/2024\/09\/20\/etat-des-forces-de-l-ordre-en-france\/\" \/>\n<meta property=\"og:site_name\" content=\"Hexagone | La France en chiffres\" \/>\n<meta property=\"article:publisher\" content=\"https:\/\/www.facebook.com\/profile.php?id=61562511315709\" \/>\n<meta property=\"article:published_time\" content=\"2024-09-20T09:54:43+00:00\" \/>\n<meta property=\"article:modified_time\" content=\"2024-12-02T09:12:38+00:00\" \/>\n<meta property=\"og:image\" content=\"https:\/\/observatoire-hexagone.org\/wp-content\/uploads\/2024\/08\/police-car-for-transporting-prisoners-2023-11-27-05-03-33-utc-scaled.jpg\" \/>\n\t<meta property=\"og:image:width\" content=\"2560\" \/>\n\t<meta property=\"og:image:height\" content=\"1536\" \/>\n\t<meta property=\"og:image:type\" content=\"image\/jpeg\" \/>\n<meta name=\"author\" content=\"4463admin\" \/>\n<meta name=\"twitter:card\" content=\"summary_large_image\" \/>\n<meta name=\"twitter:creator\" content=\"@Hexagone_org\" \/>\n<meta name=\"twitter:site\" content=\"@Hexagone_org\" \/>\n<meta name=\"twitter:label1\" content=\"\u00c9crit par\" \/>\n\t<meta name=\"twitter:data1\" content=\"4463admin\" \/>\n\t<meta name=\"twitter:label2\" content=\"Dur\u00e9e de lecture estim\u00e9e\" \/>\n\t<meta name=\"twitter:data2\" content=\"2 minutes\" \/>\n<script type=\"application\/ld+json\" class=\"yoast-schema-graph\">{\"@context\":\"https:\\\/\\\/schema.org\",\"@graph\":[{\"@type\":\"Article\",\"@id\":\"https:\\\/\\\/observatoire-hexagone.org\\\/index.php\\\/2024\\\/09\\\/20\\\/etat-des-forces-de-l-ordre-en-france\\\/#article\",\"isPartOf\":{\"@id\":\"https:\\\/\\\/observatoire-hexagone.org\\\/index.php\\\/2024\\\/09\\\/20\\\/etat-des-forces-de-l-ordre-en-france\\\/\"},\"author\":{\"name\":\"4463admin\",\"@id\":\"https:\\\/\\\/observatoire-hexagone.org\\\/#\\\/schema\\\/person\\\/f51e09c72145bd9c2aa1c8fc5f1a7b55\"},\"headline\":\"Police partout ? : \u00e9tat des forces de l&#8217;ordre en France\",\"datePublished\":\"2024-09-20T09:54:43+00:00\",\"dateModified\":\"2024-12-02T09:12:38+00:00\",\"mainEntityOfPage\":{\"@id\":\"https:\\\/\\\/observatoire-hexagone.org\\\/index.php\\\/2024\\\/09\\\/20\\\/etat-des-forces-de-l-ordre-en-france\\\/\"},\"wordCount\":279,\"publisher\":{\"@id\":\"https:\\\/\\\/observatoire-hexagone.org\\\/#organization\"},\"image\":{\"@id\":\"https:\\\/\\\/observatoire-hexagone.org\\\/index.php\\\/2024\\\/09\\\/20\\\/etat-des-forces-de-l-ordre-en-france\\\/#primaryimage\"},\"thumbnailUrl\":\"https:\\\/\\\/observatoire-hexagone.org\\\/wp-content\\\/uploads\\\/2024\\\/08\\\/police-car-for-transporting-prisoners-2023-11-27-05-03-33-utc-scaled.jpg\",\"keywords\":[\"#post\"],\"articleSection\":[\"Soci\u00e9t\u00e9 et environnement\"],\"inLanguage\":\"fr-FR\"},{\"@type\":\"WebPage\",\"@id\":\"https:\\\/\\\/observatoire-hexagone.org\\\/index.php\\\/2024\\\/09\\\/20\\\/etat-des-forces-de-l-ordre-en-france\\\/\",\"url\":\"https:\\\/\\\/observatoire-hexagone.org\\\/index.php\\\/2024\\\/09\\\/20\\\/etat-des-forces-de-l-ordre-en-france\\\/\",\"name\":\"Police partout ? : \u00e9tat des forces de l'ordre en France - Hexagone | La France en chiffres\",\"isPartOf\":{\"@id\":\"https:\\\/\\\/observatoire-hexagone.org\\\/#website\"},\"primaryImageOfPage\":{\"@id\":\"https:\\\/\\\/observatoire-hexagone.org\\\/index.php\\\/2024\\\/09\\\/20\\\/etat-des-forces-de-l-ordre-en-france\\\/#primaryimage\"},\"image\":{\"@id\":\"https:\\\/\\\/observatoire-hexagone.org\\\/index.php\\\/2024\\\/09\\\/20\\\/etat-des-forces-de-l-ordre-en-france\\\/#primaryimage\"},\"thumbnailUrl\":\"https:\\\/\\\/observatoire-hexagone.org\\\/wp-content\\\/uploads\\\/2024\\\/08\\\/police-car-for-transporting-prisoners-2023-11-27-05-03-33-utc-scaled.jpg\",\"datePublished\":\"2024-09-20T09:54:43+00:00\",\"dateModified\":\"2024-12-02T09:12:38+00:00\",\"description\":\"Hexagone vous propose quelques chiffres sur l\u2019\u00e9tat des forces de l\u2019ordre en France afin de r\u00e9pondre \u00e0 l\u2019une des principales pr\u00e9occupations des Fran\u00e7ais, la s\u00e9curit\u00e9.\",\"breadcrumb\":{\"@id\":\"https:\\\/\\\/observatoire-hexagone.org\\\/index.php\\\/2024\\\/09\\\/20\\\/etat-des-forces-de-l-ordre-en-france\\\/#breadcrumb\"},\"inLanguage\":\"fr-FR\",\"potentialAction\":[{\"@type\":\"ReadAction\",\"target\":[\"https:\\\/\\\/observatoire-hexagone.org\\\/index.php\\\/2024\\\/09\\\/20\\\/etat-des-forces-de-l-ordre-en-france\\\/\"]}]},{\"@type\":\"ImageObject\",\"inLanguage\":\"fr-FR\",\"@id\":\"https:\\\/\\\/observatoire-hexagone.org\\\/index.php\\\/2024\\\/09\\\/20\\\/etat-des-forces-de-l-ordre-en-france\\\/#primaryimage\",\"url\":\"https:\\\/\\\/observatoire-hexagone.org\\\/wp-content\\\/uploads\\\/2024\\\/08\\\/police-car-for-transporting-prisoners-2023-11-27-05-03-33-utc-scaled.jpg\",\"contentUrl\":\"https:\\\/\\\/observatoire-hexagone.org\\\/wp-content\\\/uploads\\\/2024\\\/08\\\/police-car-for-transporting-prisoners-2023-11-27-05-03-33-utc-scaled.jpg\",\"width\":2560,\"height\":1536},{\"@type\":\"BreadcrumbList\",\"@id\":\"https:\\\/\\\/observatoire-hexagone.org\\\/index.php\\\/2024\\\/09\\\/20\\\/etat-des-forces-de-l-ordre-en-france\\\/#breadcrumb\",\"itemListElement\":[{\"@type\":\"ListItem\",\"position\":1,\"name\":\"Accueil\",\"item\":\"https:\\\/\\\/observatoire-hexagone.org\\\/\"},{\"@type\":\"ListItem\",\"position\":2,\"name\":\"Police partout ? : \u00e9tat des forces de l&rsquo;ordre en France\"}]},{\"@type\":\"WebSite\",\"@id\":\"https:\\\/\\\/observatoire-hexagone.org\\\/#website\",\"url\":\"https:\\\/\\\/observatoire-hexagone.org\\\/\",\"name\":\"Hexagone | La France en chiffres\",\"description\":\"\",\"publisher\":{\"@id\":\"https:\\\/\\\/observatoire-hexagone.org\\\/#organization\"},\"potentialAction\":[{\"@type\":\"SearchAction\",\"target\":{\"@type\":\"EntryPoint\",\"urlTemplate\":\"https:\\\/\\\/observatoire-hexagone.org\\\/?s={search_term_string}\"},\"query-input\":{\"@type\":\"PropertyValueSpecification\",\"valueRequired\":true,\"valueName\":\"search_term_string\"}}],\"inLanguage\":\"fr-FR\"},{\"@type\":\"Organization\",\"@id\":\"https:\\\/\\\/observatoire-hexagone.org\\\/#organization\",\"name\":\"Hexagone | La France en chiffres\",\"url\":\"https:\\\/\\\/observatoire-hexagone.org\\\/\",\"logo\":{\"@type\":\"ImageObject\",\"inLanguage\":\"fr-FR\",\"@id\":\"https:\\\/\\\/observatoire-hexagone.org\\\/#\\\/schema\\\/logo\\\/image\\\/\",\"url\":\"https:\\\/\\\/observatoire-hexagone.org\\\/wp-content\\\/uploads\\\/2024\\\/06\\\/Horizontal_Principal-e1718962711881.png\",\"contentUrl\":\"https:\\\/\\\/observatoire-hexagone.org\\\/wp-content\\\/uploads\\\/2024\\\/06\\\/Horizontal_Principal-e1718962711881.png\",\"width\":1894,\"height\":511,\"caption\":\"Hexagone | La France en chiffres\"},\"image\":{\"@id\":\"https:\\\/\\\/observatoire-hexagone.org\\\/#\\\/schema\\\/logo\\\/image\\\/\"},\"sameAs\":[\"https:\\\/\\\/www.facebook.com\\\/profile.php?id=61562511315709\",\"https:\\\/\\\/x.com\\\/Hexagone_org\",\"https:\\\/\\\/www.linkedin.com\\\/company\\\/observatoire-hexagone\\\/\"]},{\"@type\":\"Person\",\"@id\":\"https:\\\/\\\/observatoire-hexagone.org\\\/#\\\/schema\\\/person\\\/f51e09c72145bd9c2aa1c8fc5f1a7b55\",\"name\":\"4463admin\",\"image\":{\"@type\":\"ImageObject\",\"inLanguage\":\"fr-FR\",\"@id\":\"https:\\\/\\\/secure.gravatar.com\\\/avatar\\\/a1c2c9813cd4e492522eaff3207985bd3f2739b05167469a9c4c9ebba4e0677d?s=96&d=mm&r=g\",\"url\":\"https:\\\/\\\/secure.gravatar.com\\\/avatar\\\/a1c2c9813cd4e492522eaff3207985bd3f2739b05167469a9c4c9ebba4e0677d?s=96&d=mm&r=g\",\"contentUrl\":\"https:\\\/\\\/secure.gravatar.com\\\/avatar\\\/a1c2c9813cd4e492522eaff3207985bd3f2739b05167469a9c4c9ebba4e0677d?s=96&d=mm&r=g\",\"caption\":\"4463admin\"},\"sameAs\":[\"http:\\\/\\\/observatoire-hexagone.org\"],\"url\":\"https:\\\/\\\/observatoire-hexagone.org\\\/index.php\\\/author\\\/admin4463\\\/\"}]}<\/script>\n<!-- \/ Yoast SEO plugin. -->","yoast_head_json":{"title":"Police partout ? : \u00e9tat des forces de l'ordre en France - Hexagone | La France en chiffres","description":"Hexagone vous propose quelques chiffres sur l\u2019\u00e9tat des forces de l\u2019ordre en France afin de r\u00e9pondre \u00e0 l\u2019une des principales pr\u00e9occupations des Fran\u00e7ais, la s\u00e9curit\u00e9.","robots":{"index":"index","follow":"follow","max-snippet":"max-snippet:-1","max-image-preview":"max-image-preview:large","max-video-preview":"max-video-preview:-1"},"canonical":"https:\/\/observatoire-hexagone.org\/index.php\/2024\/09\/20\/etat-des-forces-de-l-ordre-en-france\/","og_locale":"fr_FR","og_type":"article","og_title":"Police partout ? : \u00e9tat des forces de l'ordre en France - Hexagone | La France en chiffres","og_description":"Hexagone vous propose quelques chiffres sur l\u2019\u00e9tat des forces de l\u2019ordre en France afin de r\u00e9pondre \u00e0 l\u2019une des principales pr\u00e9occupations des Fran\u00e7ais, la s\u00e9curit\u00e9.","og_url":"https:\/\/observatoire-hexagone.org\/index.php\/2024\/09\/20\/etat-des-forces-de-l-ordre-en-france\/","og_site_name":"Hexagone | La France en chiffres","article_publisher":"https:\/\/www.facebook.com\/profile.php?id=61562511315709","article_published_time":"2024-09-20T09:54:43+00:00","article_modified_time":"2024-12-02T09:12:38+00:00","og_image":[{"width":2560,"height":1536,"url":"https:\/\/observatoire-hexagone.org\/wp-content\/uploads\/2024\/08\/police-car-for-transporting-prisoners-2023-11-27-05-03-33-utc-scaled.jpg","type":"image\/jpeg"}],"author":"4463admin","twitter_card":"summary_large_image","twitter_creator":"@Hexagone_org","twitter_site":"@Hexagone_org","twitter_misc":{"\u00c9crit par":"4463admin","Dur\u00e9e de lecture estim\u00e9e":"2 minutes"},"schema":{"@context":"https:\/\/schema.org","@graph":[{"@type":"Article","@id":"https:\/\/observatoire-hexagone.org\/index.php\/2024\/09\/20\/etat-des-forces-de-l-ordre-en-france\/#article","isPartOf":{"@id":"https:\/\/observatoire-hexagone.org\/index.php\/2024\/09\/20\/etat-des-forces-de-l-ordre-en-france\/"},"author":{"name":"4463admin","@id":"https:\/\/observatoire-hexagone.org\/#\/schema\/person\/f51e09c72145bd9c2aa1c8fc5f1a7b55"},"headline":"Police partout ? : \u00e9tat des forces de l&#8217;ordre en France","datePublished":"2024-09-20T09:54:43+00:00","dateModified":"2024-12-02T09:12:38+00:00","mainEntityOfPage":{"@id":"https:\/\/observatoire-hexagone.org\/index.php\/2024\/09\/20\/etat-des-forces-de-l-ordre-en-france\/"},"wordCount":279,"publisher":{"@id":"https:\/\/observatoire-hexagone.org\/#organization"},"image":{"@id":"https:\/\/observatoire-hexagone.org\/index.php\/2024\/09\/20\/etat-des-forces-de-l-ordre-en-france\/#primaryimage"},"thumbnailUrl":"https:\/\/observatoire-hexagone.org\/wp-content\/uploads\/2024\/08\/police-car-for-transporting-prisoners-2023-11-27-05-03-33-utc-scaled.jpg","keywords":["#post"],"articleSection":["Soci\u00e9t\u00e9 et environnement"],"inLanguage":"fr-FR"},{"@type":"WebPage","@id":"https:\/\/observatoire-hexagone.org\/index.php\/2024\/09\/20\/etat-des-forces-de-l-ordre-en-france\/","url":"https:\/\/observatoire-hexagone.org\/index.php\/2024\/09\/20\/etat-des-forces-de-l-ordre-en-france\/","name":"Police partout ? : \u00e9tat des forces de l'ordre en France - Hexagone | La France en chiffres","isPartOf":{"@id":"https:\/\/observatoire-hexagone.org\/#website"},"primaryImageOfPage":{"@id":"https:\/\/observatoire-hexagone.org\/index.php\/2024\/09\/20\/etat-des-forces-de-l-ordre-en-france\/#primaryimage"},"image":{"@id":"https:\/\/observatoire-hexagone.org\/index.php\/2024\/09\/20\/etat-des-forces-de-l-ordre-en-france\/#primaryimage"},"thumbnailUrl":"https:\/\/observatoire-hexagone.org\/wp-content\/uploads\/2024\/08\/police-car-for-transporting-prisoners-2023-11-27-05-03-33-utc-scaled.jpg","datePublished":"2024-09-20T09:54:43+00:00","dateModified":"2024-12-02T09:12:38+00:00","description":"Hexagone vous propose quelques chiffres sur l\u2019\u00e9tat des forces de l\u2019ordre en France afin de r\u00e9pondre \u00e0 l\u2019une des principales pr\u00e9occupations des Fran\u00e7ais, la s\u00e9curit\u00e9.","breadcrumb":{"@id":"https:\/\/observatoire-hexagone.org\/index.php\/2024\/09\/20\/etat-des-forces-de-l-ordre-en-france\/#breadcrumb"},"inLanguage":"fr-FR","potentialAction":[{"@type":"ReadAction","target":["https:\/\/observatoire-hexagone.org\/index.php\/2024\/09\/20\/etat-des-forces-de-l-ordre-en-france\/"]}]},{"@type":"ImageObject","inLanguage":"fr-FR","@id":"https:\/\/observatoire-hexagone.org\/index.php\/2024\/09\/20\/etat-des-forces-de-l-ordre-en-france\/#primaryimage","url":"https:\/\/observatoire-hexagone.org\/wp-content\/uploads\/2024\/08\/police-car-for-transporting-prisoners-2023-11-27-05-03-33-utc-scaled.jpg","contentUrl":"https:\/\/observatoire-hexagone.org\/wp-content\/uploads\/2024\/08\/police-car-for-transporting-prisoners-2023-11-27-05-03-33-utc-scaled.jpg","width":2560,"height":1536},{"@type":"BreadcrumbList","@id":"https:\/\/observatoire-hexagone.org\/index.php\/2024\/09\/20\/etat-des-forces-de-l-ordre-en-france\/#breadcrumb","itemListElement":[{"@type":"ListItem","position":1,"name":"Accueil","item":"https:\/\/observatoire-hexagone.org\/"},{"@type":"ListItem","position":2,"name":"Police partout ? : \u00e9tat des forces de l&rsquo;ordre en France"}]},{"@type":"WebSite","@id":"https:\/\/observatoire-hexagone.org\/#website","url":"https:\/\/observatoire-hexagone.org\/","name":"Hexagone | La France en chiffres","description":"","publisher":{"@id":"https:\/\/observatoire-hexagone.org\/#organization"},"potentialAction":[{"@type":"SearchAction","target":{"@type":"EntryPoint","urlTemplate":"https:\/\/observatoire-hexagone.org\/?s={search_term_string}"},"query-input":{"@type":"PropertyValueSpecification","valueRequired":true,"valueName":"search_term_string"}}],"inLanguage":"fr-FR"},{"@type":"Organization","@id":"https:\/\/observatoire-hexagone.org\/#organization","name":"Hexagone | La France en chiffres","url":"https:\/\/observatoire-hexagone.org\/","logo":{"@type":"ImageObject","inLanguage":"fr-FR","@id":"https:\/\/observatoire-hexagone.org\/#\/schema\/logo\/image\/","url":"https:\/\/observatoire-hexagone.org\/wp-content\/uploads\/2024\/06\/Horizontal_Principal-e1718962711881.png","contentUrl":"https:\/\/observatoire-hexagone.org\/wp-content\/uploads\/2024\/06\/Horizontal_Principal-e1718962711881.png","width":1894,"height":511,"caption":"Hexagone | La France en chiffres"},"image":{"@id":"https:\/\/observatoire-hexagone.org\/#\/schema\/logo\/image\/"},"sameAs":["https:\/\/www.facebook.com\/profile.php?id=61562511315709","https:\/\/x.com\/Hexagone_org","https:\/\/www.linkedin.com\/company\/observatoire-hexagone\/"]},{"@type":"Person","@id":"https:\/\/observatoire-hexagone.org\/#\/schema\/person\/f51e09c72145bd9c2aa1c8fc5f1a7b55","name":"4463admin","image":{"@type":"ImageObject","inLanguage":"fr-FR","@id":"https:\/\/secure.gravatar.com\/avatar\/a1c2c9813cd4e492522eaff3207985bd3f2739b05167469a9c4c9ebba4e0677d?s=96&d=mm&r=g","url":"https:\/\/secure.gravatar.com\/avatar\/a1c2c9813cd4e492522eaff3207985bd3f2739b05167469a9c4c9ebba4e0677d?s=96&d=mm&r=g","contentUrl":"https:\/\/secure.gravatar.com\/avatar\/a1c2c9813cd4e492522eaff3207985bd3f2739b05167469a9c4c9ebba4e0677d?s=96&d=mm&r=g","caption":"4463admin"},"sameAs":["http:\/\/observatoire-hexagone.org"],"url":"https:\/\/observatoire-hexagone.org\/index.php\/author\/admin4463\/"}]}},"_links":{"self":[{"href":"https:\/\/observatoire-hexagone.org\/index.php\/wp-json\/wp\/v2\/posts\/6502","targetHints":{"allow":["GET"]}}],"collection":[{"href":"https:\/\/observatoire-hexagone.org\/index.php\/wp-json\/wp\/v2\/posts"}],"about":[{"href":"https:\/\/observatoire-hexagone.org\/index.php\/wp-json\/wp\/v2\/types\/post"}],"author":[{"embeddable":true,"href":"https:\/\/observatoire-hexagone.org\/index.php\/wp-json\/wp\/v2\/users\/1"}],"replies":[{"embeddable":true,"href":"https:\/\/observatoire-hexagone.org\/index.php\/wp-json\/wp\/v2\/comments?post=6502"}],"version-history":[{"count":5,"href":"https:\/\/observatoire-hexagone.org\/index.php\/wp-json\/wp\/v2\/posts\/6502\/revisions"}],"predecessor-version":[{"id":6899,"href":"https:\/\/observatoire-hexagone.org\/index.php\/wp-json\/wp\/v2\/posts\/6502\/revisions\/6899"}],"wp:featuredmedia":[{"embeddable":true,"href":"https:\/\/observatoire-hexagone.org\/index.php\/wp-json\/wp\/v2\/media\/6688"}],"wp:attachment":[{"href":"https:\/\/observatoire-hexagone.org\/index.php\/wp-json\/wp\/v2\/media?parent=6502"}],"wp:term":[{"taxonomy":"category","embeddable":true,"href":"https:\/\/observatoire-hexagone.org\/index.php\/wp-json\/wp\/v2\/categories?post=6502"},{"taxonomy":"post_tag","embeddable":true,"href":"https:\/\/observatoire-hexagone.org\/index.php\/wp-json\/wp\/v2\/tags?post=6502"}],"curies":[{"name":"wp","href":"https:\/\/api.w.org\/{rel}","templated":true}]}}